{"id":1025,"date":"2011-09-27T12:02:03","date_gmt":"2011-09-27T10:02:03","guid":{"rendered":"http:\/\/www.kanaren-virtuell.de\/news\/?p=1025"},"modified":"2013-10-25T12:02:31","modified_gmt":"2013-10-25T10:02:31","slug":"die-erde-bebt-staerker-auf-el-hierro","status":"publish","type":"post","link":"https:\/\/www.kanaren-virtuell.de\/news\/die-erde-bebt-staerker-auf-el-hierro\/","title":{"rendered":"Die Erde bebt st\u00e4rker auf El Hierro"},"content":{"rendered":"<p>Am heutigen 27.September 2011 wurde um 15:38 Uhr kanarischer Zeit ein Erdbeben der St\u00e4rke 3,6 auf El Hierro registriert. Das Epizentrum lag in 11 Kilometern Tiefe vor der S\u00fcdk\u00fcste von El Hierro, der kleinsten Kanaren-Insel. Erdst\u00f6\u00dfe dieser St\u00e4rke sind bereits sp\u00fcrbar. In Verbindung mit den mittlerweile \u00fcber 8000 Kleinstbeben der letzten Wochen mehren sich Anzeichen f\u00fcr verst\u00e4rkte vulkanische Aktivit\u00e4ten unterhalb der Insel. Schon gegen 12 Uhr am heutigen Dienstag gab es 77 kleine Schwarmbeben in der Region El Hierro. Insgesamt waren 6 Erdbeben am heutigen Tag von der Bev\u00f6lkerung sp\u00fcrbar. Quelle: <a href=\"http:\/\/www.ign.es\/ign\/layoutIn\/sismoUltimoTerremoto.do?zona=1\">http:\/\/www.ign.es\/ign\/layoutIn\/sismoUltimoTerremoto.do?zona=1<\/a><\/p>\n","protected":false},"excerpt":{"rendered":"<p>Am heutigen 27.September 2011 wurde um 15:38 Uhr kanarischer Zeit ein Erdbeben der St\u00e4rke 3,6 auf El Hierro registriert. Das Epizentrum lag in 11 Kilometern Tiefe vor der S\u00fcdk\u00fcste von El Hierro, der kleinsten Kanaren-Insel. Erdst\u00f6\u00dfe dieser St\u00e4rke sind bereits sp\u00fcrbar. In Verbindung mit den mittlerweile \u00fcber 8000 Kleinstbeben der letzten Wochen mehren sich Anzeichen [&hellip;]<\/p>\n","protected":false},"author":1,"featured_media":0,"comment_status":"open","ping_status":"open","sticky":false,"template":"","format":"standard","meta":{"footnotes":""},"categories":[8],"tags":[],"class_list":["post-1025","post","type-post","status-publish","format-standard","hentry","category-el-hierro"],"_links":{"self":[{"href":"https:\/\/www.kanaren-virtuell.de\/news\/wp-json\/wp\/v2\/posts\/1025","targetHints":{"allow":["GET"]}}],"collection":[{"href":"https:\/\/www.kanaren-virtuell.de\/news\/wp-json\/wp\/v2\/posts"}],"about":[{"href":"https:\/\/www.kanaren-virtuell.de\/news\/wp-json\/wp\/v2\/types\/post"}],"author":[{"embeddable":true,"href":"https:\/\/www.kanaren-virtuell.de\/news\/wp-json\/wp\/v2\/users\/1"}],"replies":[{"embeddable":true,"href":"https:\/\/www.kanaren-virtuell.de\/news\/wp-json\/wp\/v2\/comments?post=1025"}],"version-history":[{"count":1,"href":"https:\/\/www.kanaren-virtuell.de\/news\/wp-json\/wp\/v2\/posts\/1025\/revisions"}],"predecessor-version":[{"id":1026,"href":"https:\/\/www.kanaren-virtuell.de\/news\/wp-json\/wp\/v2\/posts\/1025\/revisions\/1026"}],"wp:attachment":[{"href":"https:\/\/www.kanaren-virtuell.de\/news\/wp-json\/wp\/v2\/media?parent=1025"}],"wp:term":[{"taxonomy":"category","embeddable":true,"href":"https:\/\/www.kanaren-virtuell.de\/news\/wp-json\/wp\/v2\/categories?post=1025"},{"taxonomy":"post_tag","embeddable":true,"href":"https:\/\/www.kanaren-virtuell.de\/news\/wp-json\/wp\/v2\/tags?post=1025"}],"curies":[{"name":"wp","href":"https:\/\/api.w.org\/{rel}","templated":true}]}}