{"id":1117,"date":"2012-01-12T08:32:58","date_gmt":"2012-01-12T06:32:58","guid":{"rendered":"http:\/\/www.kanaren-virtuell.de\/news\/?p=1117"},"modified":"2013-10-26T08:33:32","modified_gmt":"2013-10-26T06:33:32","slug":"rock-coast-festival-auf-teneriffa","status":"publish","type":"post","link":"https:\/\/www.kanaren-virtuell.de\/news\/rock-coast-festival-auf-teneriffa\/","title":{"rendered":"\u201eRock Coast Festival\u201c auf Teneriffa"},"content":{"rendered":"<p>Ein Urlaub auf der Kanareninsel <a href=\"http:\/\/www.kanaren-virtuell.de\/teneriffa_2\/\">Teneriffa<\/a> verspricht nicht nur dank belebter Ferienorte, langer Sandstr\u00e4nde und malerischer K\u00fcstenregionen unvergesslich zu werden, denn auch die traditionellen Feste und kulturellen Veranstaltungen sorgen f\u00fcr viel Abwechslung und gew\u00e4hren einen guten Einblick ins typische Inselleben. Zahlreiche Veranstaltungen finden in der Inselhauptstadt <a href=\"http:\/\/www.kanaren-virtuell.de\/teneriffa_2\/orte\/santa.htm\">Santa Cruz<\/a> statt. So auch das \u201eRock Coast Festival\u201c, das von LM Produktion organisiert wird und in der Zeit vom 24. bis zum 26. Mai 2012 zum Feiern einl\u00e4dt. <\/p>\n<p>Die Veranstalter sollen mit K\u00fcnstlern wie Lenny Kravitz, Red Hot Chili Peppers und Linkin Park in Verhandlungen stehen. Besucher des Festivals erwartet an den drei Tagen zwischen 12 Uhr mittags und 3 Uhr nachts ein buntes Unterhaltungsprogramm. Informationen zur Veranstaltung gibt es auf rockcoastfestival.com. <\/p>\n","protected":false},"excerpt":{"rendered":"<p>Ein Urlaub auf der Kanareninsel Teneriffa verspricht nicht nur dank belebter Ferienorte, langer Sandstr\u00e4nde und malerischer K\u00fcstenregionen unvergesslich zu werden, denn auch die traditionellen Feste und kulturellen Veranstaltungen sorgen f\u00fcr viel Abwechslung und gew\u00e4hren einen guten Einblick ins typische Inselleben. Zahlreiche Veranstaltungen finden in der Inselhauptstadt Santa Cruz statt. So auch das \u201eRock Coast Festival\u201c, [&hellip;]<\/p>\n","protected":false},"author":2,"featured_media":0,"comment_status":"open","ping_status":"open","sticky":false,"template":"","format":"standard","meta":{"footnotes":""},"categories":[2],"tags":[],"class_list":["post-1117","post","type-post","status-publish","format-standard","hentry","category-teneriffa"],"_links":{"self":[{"href":"https:\/\/www.kanaren-virtuell.de\/news\/wp-json\/wp\/v2\/posts\/1117","targetHints":{"allow":["GET"]}}],"collection":[{"href":"https:\/\/www.kanaren-virtuell.de\/news\/wp-json\/wp\/v2\/posts"}],"about":[{"href":"https:\/\/www.kanaren-virtuell.de\/news\/wp-json\/wp\/v2\/types\/post"}],"author":[{"embeddable":true,"href":"https:\/\/www.kanaren-virtuell.de\/news\/wp-json\/wp\/v2\/users\/2"}],"replies":[{"embeddable":true,"href":"https:\/\/www.kanaren-virtuell.de\/news\/wp-json\/wp\/v2\/comments?post=1117"}],"version-history":[{"count":1,"href":"https:\/\/www.kanaren-virtuell.de\/news\/wp-json\/wp\/v2\/posts\/1117\/revisions"}],"predecessor-version":[{"id":1118,"href":"https:\/\/www.kanaren-virtuell.de\/news\/wp-json\/wp\/v2\/posts\/1117\/revisions\/1118"}],"wp:attachment":[{"href":"https:\/\/www.kanaren-virtuell.de\/news\/wp-json\/wp\/v2\/media?parent=1117"}],"wp:term":[{"taxonomy":"category","embeddable":true,"href":"https:\/\/www.kanaren-virtuell.de\/news\/wp-json\/wp\/v2\/categories?post=1117"},{"taxonomy":"post_tag","embeddable":true,"href":"https:\/\/www.kanaren-virtuell.de\/news\/wp-json\/wp\/v2\/tags?post=1117"}],"curies":[{"name":"wp","href":"https:\/\/api.w.org\/{rel}","templated":true}]}}