{"id":112,"date":"2007-07-30T14:29:20","date_gmt":"2007-07-30T12:29:20","guid":{"rendered":"http:\/\/www.kanaren-virtuell.de\/news\/?p=112"},"modified":"2013-10-15T14:29:51","modified_gmt":"2013-10-15T12:29:51","slug":"es-ist-heiss-auf-den-kanaren","status":"publish","type":"post","link":"https:\/\/www.kanaren-virtuell.de\/news\/es-ist-heiss-auf-den-kanaren\/","title":{"rendered":"Es ist hei\u00df auf den Kanaren &#8230;"},"content":{"rendered":"<p>&#8230; und die Str\u00e4nde sind \u00fcberf\u00fcllt. Vor allem am Wochenende fl\u00fcchteten Einheimische und Touristen vor Temperaturen von \u00fcber 40 Grad Celsius an die Str\u00e4nde der Inseln. Die h\u00f6chsten Temperaturen auf Teneriffa wurden in h\u00f6heren Lagen bei Vilaflor mit fast 45 Grad erreicht. Der Flughafen Teneriffa Nord meldete ebenfalls 39 Grad. Die Hitzewelle auf Teneriffa, Gran Canaria, Lanzarote und Fuerteventura soll erst ab Dienstag Abend langsam nachlassen. Auf den drei kleineren Inseln wurde es nicht ganz so hei\u00df.<\/p>\n","protected":false},"excerpt":{"rendered":"<p>&#8230; und die Str\u00e4nde sind \u00fcberf\u00fcllt. Vor allem am Wochenende fl\u00fcchteten Einheimische und Touristen vor Temperaturen von \u00fcber 40 Grad Celsius an die Str\u00e4nde der Inseln. Die h\u00f6chsten Temperaturen auf Teneriffa wurden in h\u00f6heren Lagen bei Vilaflor mit fast 45 Grad erreicht. Der Flughafen Teneriffa Nord meldete ebenfalls 39 Grad. Die Hitzewelle auf Teneriffa, Gran [&hellip;]<\/p>\n","protected":false},"author":1,"featured_media":0,"comment_status":"open","ping_status":"open","sticky":false,"template":"","format":"standard","meta":{"footnotes":""},"categories":[11],"tags":[],"class_list":["post-112","post","type-post","status-publish","format-standard","hentry","category-wetter"],"_links":{"self":[{"href":"https:\/\/www.kanaren-virtuell.de\/news\/wp-json\/wp\/v2\/posts\/112","targetHints":{"allow":["GET"]}}],"collection":[{"href":"https:\/\/www.kanaren-virtuell.de\/news\/wp-json\/wp\/v2\/posts"}],"about":[{"href":"https:\/\/www.kanaren-virtuell.de\/news\/wp-json\/wp\/v2\/types\/post"}],"author":[{"embeddable":true,"href":"https:\/\/www.kanaren-virtuell.de\/news\/wp-json\/wp\/v2\/users\/1"}],"replies":[{"embeddable":true,"href":"https:\/\/www.kanaren-virtuell.de\/news\/wp-json\/wp\/v2\/comments?post=112"}],"version-history":[{"count":1,"href":"https:\/\/www.kanaren-virtuell.de\/news\/wp-json\/wp\/v2\/posts\/112\/revisions"}],"predecessor-version":[{"id":113,"href":"https:\/\/www.kanaren-virtuell.de\/news\/wp-json\/wp\/v2\/posts\/112\/revisions\/113"}],"wp:attachment":[{"href":"https:\/\/www.kanaren-virtuell.de\/news\/wp-json\/wp\/v2\/media?parent=112"}],"wp:term":[{"taxonomy":"category","embeddable":true,"href":"https:\/\/www.kanaren-virtuell.de\/news\/wp-json\/wp\/v2\/categories?post=112"},{"taxonomy":"post_tag","embeddable":true,"href":"https:\/\/www.kanaren-virtuell.de\/news\/wp-json\/wp\/v2\/tags?post=112"}],"curies":[{"name":"wp","href":"https:\/\/api.w.org\/{rel}","templated":true}]}}