{"id":116,"date":"2007-07-30T14:32:03","date_gmt":"2007-07-30T12:32:03","guid":{"rendered":"http:\/\/www.kanaren-virtuell.de\/news\/?p=116"},"modified":"2013-10-15T14:32:31","modified_gmt":"2013-10-15T12:32:31","slug":"feuer-auch-auf-teneriffa","status":"publish","type":"post","link":"https:\/\/www.kanaren-virtuell.de\/news\/feuer-auch-auf-teneriffa\/","title":{"rendered":"Feuer auch auf Teneriffa"},"content":{"rendered":"<p>Nachdem der Brand bei El Tanque unter Kontrolle gebracht werden konnte, brennt es momentan oberhalb des Ortes <a href=\"http:\/\/www.kanaren-virtuell.de\/teneriffa_2\/orte\/laguancha.htm\">La Guancha<\/a> im Norden der Insel. La Guancha befindet sich auf etwa 400 Metern H\u00f6he zwischen <a href=\"http:\/\/www.kanaren-virtuell.de\/teneriffa_2\/orte\/icod.htm\">Icod de los Vinos<\/a> und <a href=\"http:\/\/www.kanaren-virtuell.de\/teneriffa_2\/orte\/los_realejos.htm\">Los Realejos<\/a>. Der Brand hat aber gl\u00fccklicherweise wesentlich geringere Ausma\u00dfe wie der auf Gran Canaria.<\/p>\n","protected":false},"excerpt":{"rendered":"<p>Nachdem der Brand bei El Tanque unter Kontrolle gebracht werden konnte, brennt es momentan oberhalb des Ortes La Guancha im Norden der Insel. La Guancha befindet sich auf etwa 400 Metern H\u00f6he zwischen Icod de los Vinos und Los Realejos. Der Brand hat aber gl\u00fccklicherweise wesentlich geringere Ausma\u00dfe wie der auf Gran Canaria.<\/p>\n","protected":false},"author":1,"featured_media":0,"comment_status":"open","ping_status":"open","sticky":false,"template":"","format":"standard","meta":{"footnotes":""},"categories":[2],"tags":[],"class_list":["post-116","post","type-post","status-publish","format-standard","hentry","category-teneriffa"],"_links":{"self":[{"href":"https:\/\/www.kanaren-virtuell.de\/news\/wp-json\/wp\/v2\/posts\/116","targetHints":{"allow":["GET"]}}],"collection":[{"href":"https:\/\/www.kanaren-virtuell.de\/news\/wp-json\/wp\/v2\/posts"}],"about":[{"href":"https:\/\/www.kanaren-virtuell.de\/news\/wp-json\/wp\/v2\/types\/post"}],"author":[{"embeddable":true,"href":"https:\/\/www.kanaren-virtuell.de\/news\/wp-json\/wp\/v2\/users\/1"}],"replies":[{"embeddable":true,"href":"https:\/\/www.kanaren-virtuell.de\/news\/wp-json\/wp\/v2\/comments?post=116"}],"version-history":[{"count":1,"href":"https:\/\/www.kanaren-virtuell.de\/news\/wp-json\/wp\/v2\/posts\/116\/revisions"}],"predecessor-version":[{"id":117,"href":"https:\/\/www.kanaren-virtuell.de\/news\/wp-json\/wp\/v2\/posts\/116\/revisions\/117"}],"wp:attachment":[{"href":"https:\/\/www.kanaren-virtuell.de\/news\/wp-json\/wp\/v2\/media?parent=116"}],"wp:term":[{"taxonomy":"category","embeddable":true,"href":"https:\/\/www.kanaren-virtuell.de\/news\/wp-json\/wp\/v2\/categories?post=116"},{"taxonomy":"post_tag","embeddable":true,"href":"https:\/\/www.kanaren-virtuell.de\/news\/wp-json\/wp\/v2\/tags?post=116"}],"curies":[{"name":"wp","href":"https:\/\/api.w.org\/{rel}","templated":true}]}}