{"id":1185,"date":"2012-03-27T09:27:18","date_gmt":"2012-03-27T07:27:18","guid":{"rendered":"http:\/\/www.kanaren-virtuell.de\/news\/?p=1185"},"modified":"2013-10-26T09:27:44","modified_gmt":"2013-10-26T07:27:44","slug":"vermietung-des-ersten-elektroautos-auf-la-palma","status":"publish","type":"post","link":"https:\/\/www.kanaren-virtuell.de\/news\/vermietung-des-ersten-elektroautos-auf-la-palma\/","title":{"rendered":"Vermietung des ersten Elektroautos auf La Palma"},"content":{"rendered":"<p>Dank ihrer kontrastreichen Landschaften und artenreicher Flora und Fauna wird die <a href=\"http:\/\/www.kanaren-virtuell.de\/la-palma\/\">Kanareninsel La Palma<\/a> auch als \u201egr\u00fcne Insel\u201c bezeichnet und ist ein beliebtes Ziel f\u00fcr Naturliebhaber und Wanderer. Die landschaftliche Sch\u00f6nheit der Ferieninsel kann man aber nicht nur beim Wandern entdecken, sondern auch mit dem Fahrrad. Als besonders bequem erweisen sich Ausfl\u00fcge mit dem Elektrofahrrad, mit dem man steilere Anstiege problemlos bew\u00e4ltigen kann. <\/p>\n<p>Urlauber haben auf La Palma bereits seit eineinhalb Jahren die M\u00f6glichkeit, Elektrofahrr\u00e4der auszuleihen und f\u00fcr Streifz\u00fcge durch die Natur zu nutzen. Jetzt bietet \u201eAutos Isla Verde\u201c das erste Elektroauto Spaniens zur Vermietung an. Eine tolle M\u00f6glichkeit, l\u00e4ngere Strecken innerhalb kurzer Zeit zur\u00fcckzulegen und weiter entfernt gelegene Ausflugsziele bequem zu erreichen. <\/p>\n","protected":false},"excerpt":{"rendered":"<p>Dank ihrer kontrastreichen Landschaften und artenreicher Flora und Fauna wird die Kanareninsel La Palma auch als \u201egr\u00fcne Insel\u201c bezeichnet und ist ein beliebtes Ziel f\u00fcr Naturliebhaber und Wanderer. Die landschaftliche Sch\u00f6nheit der Ferieninsel kann man aber nicht nur beim Wandern entdecken, sondern auch mit dem Fahrrad. Als besonders bequem erweisen sich Ausfl\u00fcge mit dem Elektrofahrrad, [&hellip;]<\/p>\n","protected":false},"author":2,"featured_media":0,"comment_status":"open","ping_status":"open","sticky":false,"template":"","format":"standard","meta":{"footnotes":""},"categories":[7],"tags":[],"class_list":["post-1185","post","type-post","status-publish","format-standard","hentry","category-la-palma"],"_links":{"self":[{"href":"https:\/\/www.kanaren-virtuell.de\/news\/wp-json\/wp\/v2\/posts\/1185","targetHints":{"allow":["GET"]}}],"collection":[{"href":"https:\/\/www.kanaren-virtuell.de\/news\/wp-json\/wp\/v2\/posts"}],"about":[{"href":"https:\/\/www.kanaren-virtuell.de\/news\/wp-json\/wp\/v2\/types\/post"}],"author":[{"embeddable":true,"href":"https:\/\/www.kanaren-virtuell.de\/news\/wp-json\/wp\/v2\/users\/2"}],"replies":[{"embeddable":true,"href":"https:\/\/www.kanaren-virtuell.de\/news\/wp-json\/wp\/v2\/comments?post=1185"}],"version-history":[{"count":1,"href":"https:\/\/www.kanaren-virtuell.de\/news\/wp-json\/wp\/v2\/posts\/1185\/revisions"}],"predecessor-version":[{"id":1186,"href":"https:\/\/www.kanaren-virtuell.de\/news\/wp-json\/wp\/v2\/posts\/1185\/revisions\/1186"}],"wp:attachment":[{"href":"https:\/\/www.kanaren-virtuell.de\/news\/wp-json\/wp\/v2\/media?parent=1185"}],"wp:term":[{"taxonomy":"category","embeddable":true,"href":"https:\/\/www.kanaren-virtuell.de\/news\/wp-json\/wp\/v2\/categories?post=1185"},{"taxonomy":"post_tag","embeddable":true,"href":"https:\/\/www.kanaren-virtuell.de\/news\/wp-json\/wp\/v2\/tags?post=1185"}],"curies":[{"name":"wp","href":"https:\/\/api.w.org\/{rel}","templated":true}]}}