{"id":1207,"date":"2012-04-23T09:36:03","date_gmt":"2012-04-23T07:36:03","guid":{"rendered":"http:\/\/www.kanaren-virtuell.de\/news\/?p=1207"},"modified":"2013-10-26T09:36:33","modified_gmt":"2013-10-26T07:36:33","slug":"ausstellung-inselbilder-auf-gran-canaria","status":"publish","type":"post","link":"https:\/\/www.kanaren-virtuell.de\/news\/ausstellung-inselbilder-auf-gran-canaria\/","title":{"rendered":"Ausstellung \u201eInselbilder\u201c auf Gran Canaria"},"content":{"rendered":"<p>Dank zahlreicher kultureller Veranstaltungen kann ein <a href=\"http:\/\/www.kanaren-virtuell.de\/gcanaria_2\/\">Urlaub auf Gran Canaria<\/a> sehr vielseitig gestaltet werden. Sowohl traditionelle Feste als auch interessante Ausstellungen bringen Abwechslung in den Strandalltag und lassen Kulturinteressierte auf ihre Kosten kommen. Aktuell findet im deutschen Konsulat auf der Insel Gran Canaria die Ausstellung \u201eInselbilder\u201c der K\u00fcnstlerin Evelin L\u00fcdtke statt, die Kunstliebhabern noch bis zum 4. Mai 2012 die Gelegenheit bietet, ihre Werke zu bestaunen. <\/p>\n<p>Die Ausstellung \u201eInselbilder\u201c umfasst vor allem Meeresmotive. Die Bilder zeigen aber auch Segler, Golfer und inseltypische Pflanzen. Besucher der Ausstellung d\u00fcrfen die Kunstwerke aber nicht nur besichtigen, sondern k\u00f6nnen diese auch k\u00e4uflich erwerben. <\/p>\n","protected":false},"excerpt":{"rendered":"<p>Dank zahlreicher kultureller Veranstaltungen kann ein Urlaub auf Gran Canaria sehr vielseitig gestaltet werden. Sowohl traditionelle Feste als auch interessante Ausstellungen bringen Abwechslung in den Strandalltag und lassen Kulturinteressierte auf ihre Kosten kommen. Aktuell findet im deutschen Konsulat auf der Insel Gran Canaria die Ausstellung \u201eInselbilder\u201c der K\u00fcnstlerin Evelin L\u00fcdtke statt, die Kunstliebhabern noch bis [&hellip;]<\/p>\n","protected":false},"author":2,"featured_media":0,"comment_status":"open","ping_status":"open","sticky":false,"template":"","format":"standard","meta":{"footnotes":""},"categories":[4],"tags":[],"class_list":["post-1207","post","type-post","status-publish","format-standard","hentry","category-gran-canaria"],"_links":{"self":[{"href":"https:\/\/www.kanaren-virtuell.de\/news\/wp-json\/wp\/v2\/posts\/1207","targetHints":{"allow":["GET"]}}],"collection":[{"href":"https:\/\/www.kanaren-virtuell.de\/news\/wp-json\/wp\/v2\/posts"}],"about":[{"href":"https:\/\/www.kanaren-virtuell.de\/news\/wp-json\/wp\/v2\/types\/post"}],"author":[{"embeddable":true,"href":"https:\/\/www.kanaren-virtuell.de\/news\/wp-json\/wp\/v2\/users\/2"}],"replies":[{"embeddable":true,"href":"https:\/\/www.kanaren-virtuell.de\/news\/wp-json\/wp\/v2\/comments?post=1207"}],"version-history":[{"count":1,"href":"https:\/\/www.kanaren-virtuell.de\/news\/wp-json\/wp\/v2\/posts\/1207\/revisions"}],"predecessor-version":[{"id":1208,"href":"https:\/\/www.kanaren-virtuell.de\/news\/wp-json\/wp\/v2\/posts\/1207\/revisions\/1208"}],"wp:attachment":[{"href":"https:\/\/www.kanaren-virtuell.de\/news\/wp-json\/wp\/v2\/media?parent=1207"}],"wp:term":[{"taxonomy":"category","embeddable":true,"href":"https:\/\/www.kanaren-virtuell.de\/news\/wp-json\/wp\/v2\/categories?post=1207"},{"taxonomy":"post_tag","embeddable":true,"href":"https:\/\/www.kanaren-virtuell.de\/news\/wp-json\/wp\/v2\/tags?post=1207"}],"curies":[{"name":"wp","href":"https:\/\/api.w.org\/{rel}","templated":true}]}}