{"id":1326,"date":"2012-08-11T10:30:59","date_gmt":"2012-08-11T08:30:59","guid":{"rendered":"http:\/\/www.kanaren-virtuell.de\/news\/?p=1326"},"modified":"2013-10-26T10:31:28","modified_gmt":"2013-10-26T08:31:28","slug":"waldbrand-auf-la-gomera","status":"publish","type":"post","link":"https:\/\/www.kanaren-virtuell.de\/news\/waldbrand-auf-la-gomera\/","title":{"rendered":"Waldbrand auf La Gomera"},"content":{"rendered":"<p>Seit letzten Samstag brennt es auf der Kanareninsel La Gomera. Bisher sind mehr als 3100 Hektar Land und zum Teil der zum UNESCO-Weltkulturerbe z\u00e4hlende Nationalpark Garajonay betroffen. Nachdem in den letzten Tagen dank g\u00fcnstigem Wetter sich die Br\u00e4nde einged\u00e4mmt werden konnten, flammten sie seit Freitag wieder an 3 Fronten auf. 300 Bewohner der Orte Chipude, Los Apartaderos, Pav\u00f3n, La Dehesa, Los Manantiales, El Cercado, Laguna Grande und Erque wurden vorsorglich evakuiert. In diesem Bereich sind auch zahlreiche Stra\u00dfen gesperrt. Die aktuelle Hitzewelle auf den Kanaren mit Temperaturen bis \u00fcber 40 Grad beg\u00fcnstigt auch die Waldbr\u00e4nde auf der Insel La Gomera. Videos von antena3canarias zum Waldbrand auf La Gomera: <a href=\"http:\/\/youtu.be\/z74ZeVBZmM8\" target=\"_blank\">&#8211;1&#8211;<\/a> , <a href=\"http:\/\/youtu.be\/Qep_frc7vWo\" target=\"_blank\">&#8211;2&#8211;<\/a><\/p>\n","protected":false},"excerpt":{"rendered":"<p>Seit letzten Samstag brennt es auf der Kanareninsel La Gomera. Bisher sind mehr als 3100 Hektar Land und zum Teil der zum UNESCO-Weltkulturerbe z\u00e4hlende Nationalpark Garajonay betroffen. Nachdem in den letzten Tagen dank g\u00fcnstigem Wetter sich die Br\u00e4nde einged\u00e4mmt werden konnten, flammten sie seit Freitag wieder an 3 Fronten auf. 300 Bewohner der Orte Chipude, [&hellip;]<\/p>\n","protected":false},"author":1,"featured_media":0,"comment_status":"open","ping_status":"open","sticky":false,"template":"","format":"standard","meta":{"footnotes":""},"categories":[6],"tags":[],"class_list":["post-1326","post","type-post","status-publish","format-standard","hentry","category-la-gomera"],"_links":{"self":[{"href":"https:\/\/www.kanaren-virtuell.de\/news\/wp-json\/wp\/v2\/posts\/1326","targetHints":{"allow":["GET"]}}],"collection":[{"href":"https:\/\/www.kanaren-virtuell.de\/news\/wp-json\/wp\/v2\/posts"}],"about":[{"href":"https:\/\/www.kanaren-virtuell.de\/news\/wp-json\/wp\/v2\/types\/post"}],"author":[{"embeddable":true,"href":"https:\/\/www.kanaren-virtuell.de\/news\/wp-json\/wp\/v2\/users\/1"}],"replies":[{"embeddable":true,"href":"https:\/\/www.kanaren-virtuell.de\/news\/wp-json\/wp\/v2\/comments?post=1326"}],"version-history":[{"count":1,"href":"https:\/\/www.kanaren-virtuell.de\/news\/wp-json\/wp\/v2\/posts\/1326\/revisions"}],"predecessor-version":[{"id":1327,"href":"https:\/\/www.kanaren-virtuell.de\/news\/wp-json\/wp\/v2\/posts\/1326\/revisions\/1327"}],"wp:attachment":[{"href":"https:\/\/www.kanaren-virtuell.de\/news\/wp-json\/wp\/v2\/media?parent=1326"}],"wp:term":[{"taxonomy":"category","embeddable":true,"href":"https:\/\/www.kanaren-virtuell.de\/news\/wp-json\/wp\/v2\/categories?post=1326"},{"taxonomy":"post_tag","embeddable":true,"href":"https:\/\/www.kanaren-virtuell.de\/news\/wp-json\/wp\/v2\/tags?post=1326"}],"curies":[{"name":"wp","href":"https:\/\/api.w.org\/{rel}","templated":true}]}}