{"id":1328,"date":"2012-08-12T10:31:43","date_gmt":"2012-08-12T08:31:43","guid":{"rendered":"http:\/\/www.kanaren-virtuell.de\/news\/?p=1328"},"modified":"2013-10-26T10:32:09","modified_gmt":"2013-10-26T08:32:09","slug":"waldbrand-auch-auf-teneriffa-brennt-es","status":"publish","type":"post","link":"https:\/\/www.kanaren-virtuell.de\/news\/waldbrand-auch-auf-teneriffa-brennt-es\/","title":{"rendered":"Waldbrand: auch auf Teneriffa brennt es"},"content":{"rendered":"<p>Nachdem auf La Gomera die Waldbr\u00e4nde noch immer unkontrolliert weiteres Land verw\u00fcsten, brennt es nun auch auf Teneriffa. Am Freitagabend brach Feuer in Obstg\u00e4rten nahe Erjos in der Gemeinde El Tanque aus. Beg\u00fcnstigt durch Temperaturen zwischen 35 und 40 Grad, geringe Luftfeuchtigkeit und Windb\u00f6en breitete sich das Feuer recht schnell und unkontrolliert aus. Etwa 400 Personen aus Masca, Los Carrizales, El Palmar, Las Portelas und Valle de Arriba wurden vorsorglich evakuiert. L\u00f6schhubschrauber sind im Einsatz. L\u00f6schflugzeuge wurden angefordert.<\/p>\n","protected":false},"excerpt":{"rendered":"<p>Nachdem auf La Gomera die Waldbr\u00e4nde noch immer unkontrolliert weiteres Land verw\u00fcsten, brennt es nun auch auf Teneriffa. Am Freitagabend brach Feuer in Obstg\u00e4rten nahe Erjos in der Gemeinde El Tanque aus. Beg\u00fcnstigt durch Temperaturen zwischen 35 und 40 Grad, geringe Luftfeuchtigkeit und Windb\u00f6en breitete sich das Feuer recht schnell und unkontrolliert aus. Etwa 400 [&hellip;]<\/p>\n","protected":false},"author":1,"featured_media":0,"comment_status":"open","ping_status":"open","sticky":false,"template":"","format":"standard","meta":{"footnotes":""},"categories":[2],"tags":[],"class_list":["post-1328","post","type-post","status-publish","format-standard","hentry","category-teneriffa"],"_links":{"self":[{"href":"https:\/\/www.kanaren-virtuell.de\/news\/wp-json\/wp\/v2\/posts\/1328","targetHints":{"allow":["GET"]}}],"collection":[{"href":"https:\/\/www.kanaren-virtuell.de\/news\/wp-json\/wp\/v2\/posts"}],"about":[{"href":"https:\/\/www.kanaren-virtuell.de\/news\/wp-json\/wp\/v2\/types\/post"}],"author":[{"embeddable":true,"href":"https:\/\/www.kanaren-virtuell.de\/news\/wp-json\/wp\/v2\/users\/1"}],"replies":[{"embeddable":true,"href":"https:\/\/www.kanaren-virtuell.de\/news\/wp-json\/wp\/v2\/comments?post=1328"}],"version-history":[{"count":1,"href":"https:\/\/www.kanaren-virtuell.de\/news\/wp-json\/wp\/v2\/posts\/1328\/revisions"}],"predecessor-version":[{"id":1329,"href":"https:\/\/www.kanaren-virtuell.de\/news\/wp-json\/wp\/v2\/posts\/1328\/revisions\/1329"}],"wp:attachment":[{"href":"https:\/\/www.kanaren-virtuell.de\/news\/wp-json\/wp\/v2\/media?parent=1328"}],"wp:term":[{"taxonomy":"category","embeddable":true,"href":"https:\/\/www.kanaren-virtuell.de\/news\/wp-json\/wp\/v2\/categories?post=1328"},{"taxonomy":"post_tag","embeddable":true,"href":"https:\/\/www.kanaren-virtuell.de\/news\/wp-json\/wp\/v2\/tags?post=1328"}],"curies":[{"name":"wp","href":"https:\/\/api.w.org\/{rel}","templated":true}]}}