{"id":1380,"date":"2012-09-26T10:50:59","date_gmt":"2012-09-26T08:50:59","guid":{"rendered":"http:\/\/www.kanaren-virtuell.de\/news\/?p=1380"},"modified":"2013-10-26T10:51:26","modified_gmt":"2013-10-26T08:51:26","slug":"teneriffa-neue-wanderroute-ruta-turistica-del-platano-in-planung","status":"publish","type":"post","link":"https:\/\/www.kanaren-virtuell.de\/news\/teneriffa-neue-wanderroute-ruta-turistica-del-platano-in-planung\/","title":{"rendered":"Teneriffa \u2013 Neue Wanderroute \u201eRuta turistica del platano\u201c in Planung"},"content":{"rendered":"<p><a href=\"http:\/\/www.kanaren-virtuell.de\/teneriffa_2\/wandern\/index_wandern.htm\">Naturliebhaber und Wanderfreunde<\/a> haben l\u00e4ngst die landschaftlichen Vorz\u00fcge der Kanareninsel Teneriffa f\u00fcr sich erkannt, schlie\u00dflich bietet sich hier ein weitverzweigtes Wegenetz, das zu den sch\u00f6nsten Pl\u00e4tzen der Insel f\u00fchrt. Ab November 2012 wird eine weitere Wanderroute hinzu kommen. Medienberichten zufolge wurde in <a href=\"http:\/\/www.kanaren-virtuell.de\/teneriffa_2\/orte\/sanjuanrambla.htm\">San Juan de la Rambla<\/a> die \u201eRuta turistica del platano\u201c ins Leben gerufen. Die Er\u00f6ffnung soll im November stattfinden. <\/p>\n<p>Die \u201eRuta turistica del platano\u201c k\u00f6nnte auch als Bananenroute bezeichnet werden, denn sie soll Touristen auf abwechslungsreichen Wegen \u00fcber das wichtigste Export-Produkt der Kanarischen Inseln informieren. Im Rahmen der Wanderung erf\u00e4hrt man alles von der Erzeugung bis zum Verkauf der Banane. <\/p>\n","protected":false},"excerpt":{"rendered":"<p>Naturliebhaber und Wanderfreunde haben l\u00e4ngst die landschaftlichen Vorz\u00fcge der Kanareninsel Teneriffa f\u00fcr sich erkannt, schlie\u00dflich bietet sich hier ein weitverzweigtes Wegenetz, das zu den sch\u00f6nsten Pl\u00e4tzen der Insel f\u00fchrt. Ab November 2012 wird eine weitere Wanderroute hinzu kommen. Medienberichten zufolge wurde in San Juan de la Rambla die \u201eRuta turistica del platano\u201c ins Leben gerufen. [&hellip;]<\/p>\n","protected":false},"author":2,"featured_media":0,"comment_status":"open","ping_status":"open","sticky":false,"template":"","format":"standard","meta":{"footnotes":""},"categories":[2],"tags":[],"class_list":["post-1380","post","type-post","status-publish","format-standard","hentry","category-teneriffa"],"_links":{"self":[{"href":"https:\/\/www.kanaren-virtuell.de\/news\/wp-json\/wp\/v2\/posts\/1380","targetHints":{"allow":["GET"]}}],"collection":[{"href":"https:\/\/www.kanaren-virtuell.de\/news\/wp-json\/wp\/v2\/posts"}],"about":[{"href":"https:\/\/www.kanaren-virtuell.de\/news\/wp-json\/wp\/v2\/types\/post"}],"author":[{"embeddable":true,"href":"https:\/\/www.kanaren-virtuell.de\/news\/wp-json\/wp\/v2\/users\/2"}],"replies":[{"embeddable":true,"href":"https:\/\/www.kanaren-virtuell.de\/news\/wp-json\/wp\/v2\/comments?post=1380"}],"version-history":[{"count":1,"href":"https:\/\/www.kanaren-virtuell.de\/news\/wp-json\/wp\/v2\/posts\/1380\/revisions"}],"predecessor-version":[{"id":1381,"href":"https:\/\/www.kanaren-virtuell.de\/news\/wp-json\/wp\/v2\/posts\/1380\/revisions\/1381"}],"wp:attachment":[{"href":"https:\/\/www.kanaren-virtuell.de\/news\/wp-json\/wp\/v2\/media?parent=1380"}],"wp:term":[{"taxonomy":"category","embeddable":true,"href":"https:\/\/www.kanaren-virtuell.de\/news\/wp-json\/wp\/v2\/categories?post=1380"},{"taxonomy":"post_tag","embeddable":true,"href":"https:\/\/www.kanaren-virtuell.de\/news\/wp-json\/wp\/v2\/tags?post=1380"}],"curies":[{"name":"wp","href":"https:\/\/api.w.org\/{rel}","templated":true}]}}