{"id":1430,"date":"2012-11-18T11:10:35","date_gmt":"2012-11-18T09:10:35","guid":{"rendered":"http:\/\/www.kanaren-virtuell.de\/news\/?p=1430"},"modified":"2013-10-26T11:37:42","modified_gmt":"2013-10-26T09:37:42","slug":"teneriffa-grosse-antiquitaetenmesse-in-der-inselhauptstadt","status":"publish","type":"post","link":"https:\/\/www.kanaren-virtuell.de\/news\/teneriffa-grosse-antiquitaetenmesse-in-der-inselhauptstadt\/","title":{"rendered":"Teneriffa \u2013 Gro\u00dfe Antiquit\u00e4tenmesse in der Inselhauptstadt"},"content":{"rendered":"<p>Das vielf\u00e4ltige Freizeitangebot und interessante Veranstaltungen k\u00f6nnen einen Aufenthalt auf der Kanareninsel Teneriffa \u00e4u\u00dferst abwechslungsreich gestalten. Egal, ob man sich f\u00fcr Sport, Kultur oder die kanarische K\u00fcche interessiert, der Veranstaltungskalender ist stets gut gef\u00fcllt und h\u00e4lt f\u00fcr jeden etwas Passendes bereit. In der Zeit vom 20. bis zum 25. November 2012 findet in Santa Cruz eine Kunsthandwerks- und Antiquit\u00e4tenmesse statt, die sicher das eine oder andere Kunst-Schn\u00e4ppchen zu bieten hat. <\/p>\n<p>In der Innenstadt von Santa Cruz, im Kunstzentrum Arte La Recova, k\u00f6nnen Interessierte t\u00e4glich zwischen 12 und 21 Uhr auf die Suche nach g\u00fcnstigen Sammlerst\u00fccken gehen. Am Freitag ist die Messe von 12 bis 23 Uhr und am Sonntag von 11 bis 14 Uhr f\u00fcr Besucher ge\u00f6ffnet. <\/p>\n","protected":false},"excerpt":{"rendered":"<p>Das vielf\u00e4ltige Freizeitangebot und interessante Veranstaltungen k\u00f6nnen einen Aufenthalt auf der Kanareninsel Teneriffa \u00e4u\u00dferst abwechslungsreich gestalten. Egal, ob man sich f\u00fcr Sport, Kultur oder die kanarische K\u00fcche interessiert, der Veranstaltungskalender ist stets gut gef\u00fcllt und h\u00e4lt f\u00fcr jeden etwas Passendes bereit. In der Zeit vom 20. bis zum 25. November 2012 findet in Santa Cruz [&hellip;]<\/p>\n","protected":false},"author":2,"featured_media":0,"comment_status":"open","ping_status":"open","sticky":false,"template":"","format":"standard","meta":{"footnotes":""},"categories":[2,22],"tags":[],"class_list":["post-1430","post","type-post","status-publish","format-standard","hentry","category-teneriffa","category-veranstaltungen"],"_links":{"self":[{"href":"https:\/\/www.kanaren-virtuell.de\/news\/wp-json\/wp\/v2\/posts\/1430","targetHints":{"allow":["GET"]}}],"collection":[{"href":"https:\/\/www.kanaren-virtuell.de\/news\/wp-json\/wp\/v2\/posts"}],"about":[{"href":"https:\/\/www.kanaren-virtuell.de\/news\/wp-json\/wp\/v2\/types\/post"}],"author":[{"embeddable":true,"href":"https:\/\/www.kanaren-virtuell.de\/news\/wp-json\/wp\/v2\/users\/2"}],"replies":[{"embeddable":true,"href":"https:\/\/www.kanaren-virtuell.de\/news\/wp-json\/wp\/v2\/comments?post=1430"}],"version-history":[{"count":1,"href":"https:\/\/www.kanaren-virtuell.de\/news\/wp-json\/wp\/v2\/posts\/1430\/revisions"}],"predecessor-version":[{"id":1431,"href":"https:\/\/www.kanaren-virtuell.de\/news\/wp-json\/wp\/v2\/posts\/1430\/revisions\/1431"}],"wp:attachment":[{"href":"https:\/\/www.kanaren-virtuell.de\/news\/wp-json\/wp\/v2\/media?parent=1430"}],"wp:term":[{"taxonomy":"category","embeddable":true,"href":"https:\/\/www.kanaren-virtuell.de\/news\/wp-json\/wp\/v2\/categories?post=1430"},{"taxonomy":"post_tag","embeddable":true,"href":"https:\/\/www.kanaren-virtuell.de\/news\/wp-json\/wp\/v2\/tags?post=1430"}],"curies":[{"name":"wp","href":"https:\/\/api.w.org\/{rel}","templated":true}]}}