{"id":1432,"date":"2012-11-23T11:10:50","date_gmt":"2012-11-23T09:10:50","guid":{"rendered":"http:\/\/www.kanaren-virtuell.de\/news\/?p=1432"},"modified":"2013-10-26T11:11:22","modified_gmt":"2013-10-26T09:11:22","slug":"la-laguna-laedt-zur-noche-en-blanco","status":"publish","type":"post","link":"https:\/\/www.kanaren-virtuell.de\/news\/la-laguna-laedt-zur-noche-en-blanco\/","title":{"rendered":"La Laguna l\u00e4dt zur \u201eNoche en Blanco\u201c"},"content":{"rendered":"<p>Die Stadt San Cristobal de La Laguna auf Teneriffa liegt ganz in der N\u00e4he der Inselhauptstadt Santa Cruz und ist mit reizvollen K\u00fcstengebieten, interessanten Sehensw\u00fcrdigkeiten und zahlreichen, traditionellen Festen stets einen Besuch wert. Am kommenden Samstag, den 24. November 2012, l\u00e4dt die Stadt zur \u201eNoche en Blanco\u201c. Besucher der \u201eNacht in Wei\u00df\u201c erwartet aber bereits ab dem Vormittag, etwa ab 11 Uhr, ein buntes Rahmenprogramm mit tollen Aktionen f\u00fcr die ganze Familie. <\/p>\n<p>Am Tage kann man sich die Zeit bei Spiel- und Bastaktionen, Theaterauff\u00fchrungen und Live-Musik die Zeit vertreiben. Am Abend und in der Nacht sorgen Musiker \u00fcberall in der Innenstadt von La Laguna f\u00fcr beste Unterhaltung. Urlauber in Feierlaune sind sicher herzlich willkommen. <\/p>\n","protected":false},"excerpt":{"rendered":"<p>Die Stadt San Cristobal de La Laguna auf Teneriffa liegt ganz in der N\u00e4he der Inselhauptstadt Santa Cruz und ist mit reizvollen K\u00fcstengebieten, interessanten Sehensw\u00fcrdigkeiten und zahlreichen, traditionellen Festen stets einen Besuch wert. Am kommenden Samstag, den 24. November 2012, l\u00e4dt die Stadt zur \u201eNoche en Blanco\u201c. Besucher der \u201eNacht in Wei\u00df\u201c erwartet aber bereits [&hellip;]<\/p>\n","protected":false},"author":2,"featured_media":0,"comment_status":"open","ping_status":"open","sticky":false,"template":"","format":"standard","meta":{"footnotes":""},"categories":[2,22],"tags":[],"class_list":["post-1432","post","type-post","status-publish","format-standard","hentry","category-teneriffa","category-veranstaltungen"],"_links":{"self":[{"href":"https:\/\/www.kanaren-virtuell.de\/news\/wp-json\/wp\/v2\/posts\/1432","targetHints":{"allow":["GET"]}}],"collection":[{"href":"https:\/\/www.kanaren-virtuell.de\/news\/wp-json\/wp\/v2\/posts"}],"about":[{"href":"https:\/\/www.kanaren-virtuell.de\/news\/wp-json\/wp\/v2\/types\/post"}],"author":[{"embeddable":true,"href":"https:\/\/www.kanaren-virtuell.de\/news\/wp-json\/wp\/v2\/users\/2"}],"replies":[{"embeddable":true,"href":"https:\/\/www.kanaren-virtuell.de\/news\/wp-json\/wp\/v2\/comments?post=1432"}],"version-history":[{"count":1,"href":"https:\/\/www.kanaren-virtuell.de\/news\/wp-json\/wp\/v2\/posts\/1432\/revisions"}],"predecessor-version":[{"id":1433,"href":"https:\/\/www.kanaren-virtuell.de\/news\/wp-json\/wp\/v2\/posts\/1432\/revisions\/1433"}],"wp:attachment":[{"href":"https:\/\/www.kanaren-virtuell.de\/news\/wp-json\/wp\/v2\/media?parent=1432"}],"wp:term":[{"taxonomy":"category","embeddable":true,"href":"https:\/\/www.kanaren-virtuell.de\/news\/wp-json\/wp\/v2\/categories?post=1432"},{"taxonomy":"post_tag","embeddable":true,"href":"https:\/\/www.kanaren-virtuell.de\/news\/wp-json\/wp\/v2\/tags?post=1432"}],"curies":[{"name":"wp","href":"https:\/\/api.w.org\/{rel}","templated":true}]}}