{"id":146,"date":"2007-08-21T14:44:10","date_gmt":"2007-08-21T12:44:10","guid":{"rendered":"http:\/\/www.kanaren-virtuell.de\/news\/?p=146"},"modified":"2013-10-15T14:44:55","modified_gmt":"2013-10-15T12:44:55","slug":"flucht-vor-dem-deutschen-sommer","status":"publish","type":"post","link":"https:\/\/www.kanaren-virtuell.de\/news\/flucht-vor-dem-deutschen-sommer\/","title":{"rendered":"Flucht vor dem deutschen &#8222;Sommer&#8220;"},"content":{"rendered":"<p>Der diesj\u00e4hrige &#8222;Sommer&#8220; zeigt sich in Deutschland nicht gerade von seiner best\u00e4ndigsten Seite. Die Sonne scheint oft nur in Str\u00f6men. Die Kanarischen Inseln sind da momentan die passende Alternative. Temperaturen \u00fcber 25 Grad und Sonnenschein lassen den Urlaub hier nicht zum Wechselbad der Gef\u00fchle werden. Informationen zu <a href=\"http:\/\/www.kanaren-virtuell.de\/wetter-kanaren.htm\">Wetter und Klima auf den Kanaren<\/a> , <a href=\"http:\/\/www.kanaren-virtuell.de\/teneriffa_2\/a-z\/webcams.htm\">Webcams auf Teneriffa<\/a> , <a href=\"http:\/\/www.kanaren-virtuell.de\/gcanaria_2\/webcams-gran-canaria.htm\">Gran Canaria<\/a> und <a href=\"http:\/\/www.kanaren-virtuell.de\/la-palma\/webcams-la-palma.htm\">La Palma<\/a> zeigen dies deutlich. Die passende Reiseangebote finden Sie bei <a href=\"http:\/\/www.kanaren-virtuell.de\">kanaren-virtuell.de<\/a><\/p>\n","protected":false},"excerpt":{"rendered":"<p>Der diesj\u00e4hrige &#8222;Sommer&#8220; zeigt sich in Deutschland nicht gerade von seiner best\u00e4ndigsten Seite. Die Sonne scheint oft nur in Str\u00f6men. Die Kanarischen Inseln sind da momentan die passende Alternative. Temperaturen \u00fcber 25 Grad und Sonnenschein lassen den Urlaub hier nicht zum Wechselbad der Gef\u00fchle werden. Informationen zu Wetter und Klima auf den Kanaren , Webcams [&hellip;]<\/p>\n","protected":false},"author":1,"featured_media":0,"comment_status":"open","ping_status":"open","sticky":false,"template":"","format":"standard","meta":{"footnotes":""},"categories":[11],"tags":[],"class_list":["post-146","post","type-post","status-publish","format-standard","hentry","category-wetter"],"_links":{"self":[{"href":"https:\/\/www.kanaren-virtuell.de\/news\/wp-json\/wp\/v2\/posts\/146","targetHints":{"allow":["GET"]}}],"collection":[{"href":"https:\/\/www.kanaren-virtuell.de\/news\/wp-json\/wp\/v2\/posts"}],"about":[{"href":"https:\/\/www.kanaren-virtuell.de\/news\/wp-json\/wp\/v2\/types\/post"}],"author":[{"embeddable":true,"href":"https:\/\/www.kanaren-virtuell.de\/news\/wp-json\/wp\/v2\/users\/1"}],"replies":[{"embeddable":true,"href":"https:\/\/www.kanaren-virtuell.de\/news\/wp-json\/wp\/v2\/comments?post=146"}],"version-history":[{"count":1,"href":"https:\/\/www.kanaren-virtuell.de\/news\/wp-json\/wp\/v2\/posts\/146\/revisions"}],"predecessor-version":[{"id":147,"href":"https:\/\/www.kanaren-virtuell.de\/news\/wp-json\/wp\/v2\/posts\/146\/revisions\/147"}],"wp:attachment":[{"href":"https:\/\/www.kanaren-virtuell.de\/news\/wp-json\/wp\/v2\/media?parent=146"}],"wp:term":[{"taxonomy":"category","embeddable":true,"href":"https:\/\/www.kanaren-virtuell.de\/news\/wp-json\/wp\/v2\/categories?post=146"},{"taxonomy":"post_tag","embeddable":true,"href":"https:\/\/www.kanaren-virtuell.de\/news\/wp-json\/wp\/v2\/tags?post=146"}],"curies":[{"name":"wp","href":"https:\/\/api.w.org\/{rel}","templated":true}]}}