{"id":1516,"date":"2013-03-04T12:06:53","date_gmt":"2013-03-04T10:06:53","guid":{"rendered":"http:\/\/www.kanaren-virtuell.de\/news\/?p=1516"},"modified":"2013-10-26T12:08:48","modified_gmt":"2013-10-26T10:08:48","slug":"unwetter-auf-den-kanaren-4","status":"publish","type":"post","link":"https:\/\/www.kanaren-virtuell.de\/news\/unwetter-auf-den-kanaren-4\/","title":{"rendered":"Unwetter auf den Kanaren"},"content":{"rendered":"<p>Seit Sonntag besteht auf den Inseln La Palma, La Gomera, Teneriffa, El Hierro und Gran Canaria eine Unwetterwarnung. Deshalb wurden auf diesen Inseln f\u00fcr Montag den 4.3.2013 Schulen und Universit\u00e4ten geschlossen. Bis mindestens Montag Nachmittag wird Sturm und Starkregen auf La Palma, El Hierro, insbesondere im Hochland und den Bergen von Teneriffa und Gran Canaria erwartet. Auch auf Fuerteventura und Lanzarote treten starker Wind und Regenf\u00e4lle auf.. Die H\u00e4fen von Los Cristianos (Teneriffa), Agaete (Gran Canaria) und Santa Cruz de La Palma sind geschlossen. Bereits am Sonntag gab es schweren Sturm mit B\u00f6en bis 160 km\/h am Observatorium Iza\u00f1a (Teneriffa), bis 120 km\/h auf dem Flughafen von La Palma und fast 100 km\/h am Flughafen von Gran Canaria. Am Cruz de Tejeda auf Gran Canaria wurden Windb\u00f6en bis zu 120 km\/h gemessen. Zahlreiche Fl\u00fcge mussten abgesagt werden. Der Flughafen von La Palma wurde von der spanischen Flughafenbeh\u00f6rde geschlossen. Auf Teneriffa (im S\u00fcdwesten) und La Palma gab es Stromausf\u00e4lle.<BR><BR> ###### Update 04.03.2013 &#8211; 14:00: ###### ################################ <BR>Auf den westlichen Inseln und auf Gran Canaria gab es reichlich Regen: 138,4 Liter pro Quadratmeter in Monte Brena (La Palma), 110,2 in Vega de San Mateo (Gran Canaria), 102,2 im Canadas del Teide ( Teneriffa) und 30,8 in Antigua (Fuerteventura). Gemessen wurden Windgeschwindigkeiten von 156 Kilometern pro Stunde auf dem Flughafen von La Palma, in Igualero 131 km\/h (La Gomera), 122 in San Andr\u00e9s (El Hierro), 109 in der Cruz de Tejeda (Gran Canaria ) und 102 km\/h in Candelaria (Teneriffa). In der kommenden Nacht und am n\u00e4chsten Morgen werden Wellen bis zu 6,5 Metern im Norden und Westen von La Palma, El Hierro, Teneriffa im Nordwesten und Norden und im Nordwesten von Lanzarote und Fuerteventura erwartet. Auf Gran Canaria sind die Stra\u00dfen GC-200 zwischen Agaete und La Aldea und die GC-605 zwischen Ayacata und Presa de Las Ni\u00f1as gesperrt. Auf Teneriffa gibt es Sperrungen auf den Zufahrtsstra\u00dfen zum Teide von La Laguna und La Orotava aus. Der Hafen von Los Cristianos (Teneriffa) bleibt geschlossen, w\u00e4hrend der Hafen von Agaete (Gran Canaria) voraussichtlich im Laufe des Tages wieder \u00f6ffnet. Der Hafen von Santa Cruz de La Palma ist bereits wieder in Betrieb. Es mu\u00df vor allem auf den westlichen Inseln weiter mit viel Regen und kr\u00e4ftigem Wind in Spitzen bis zu 130 km\/h gerechnet werden.<BR><BR> ###### Update 05.03.2013 &#8211; 07:00: ###### ################################ <BR>Die Regierung der Kanarischen Inseln hat verf\u00fcgt, dass der unterbrochene Lehrbetrieb an Schulen und der Universit\u00e4t wieder aufgenommen wird. Eine 26-j\u00e4hrige Frau aus Deutschland starb gestern Mittag durch einen durch das Unwetter ausgel\u00f6sten Steinschlag auf der Insel La Gomera. Das tragische Ungl\u00fcck ereignete sich bei einer Wanderung im Valle Gran Rey im Bereich Argaga. Am gestrigen Nachmittag wurde ein Windsurfer nahe Playa Honda auf der Insel Lanzarote vermisst. Am Abend wurde gemeldet, dass er unversehrt gefunden wurde. Am Montag Nachmittag wurde die Unwetterwarnung f\u00fcr die Gipfelregionen von Teneriffa, La Palma und Gran Canaria von Stufe Rot auf Stufe Orange heruntergesetzt.<BR><BR> ###### Update 05.03.2013 &#8211; 13:00: ###### ################################ <BR>Der Sturm auf den Kanaren ist nun nach 2 Tagen vorbei. Auf Teneriffa hat es am Teide geschneit. Die Inseln La Palma, La Gomera und El Hierro waren praktisch 2 Tage lang von der Au\u00dfenwelt abgeschnitten. Auf dem Luftweg und auch auf dem Seeweg ging nichts mehr. Eine Schnellf\u00e4hre, welche eigentlich von Teneriffa (Los Cristianos) nach La Palma fahren sollte, musste am Sonntag nach einer 10 Stunden langen Irrfahrt nach Teneriffa in den Hafen von Santa Cruz zur\u00fcck. Die H\u00e4fen Santa Cruz de La Palma, San Sebastian (La Gomera) und Los Cristianos (Teneriffa) waren wegen zu hohen Wellengangs gesperrt.<\/p>\n","protected":false},"excerpt":{"rendered":"<p>Seit Sonntag besteht auf den Inseln La Palma, La Gomera, Teneriffa, El Hierro und Gran Canaria eine Unwetterwarnung. Deshalb wurden auf diesen Inseln f\u00fcr Montag den 4.3.2013 Schulen und Universit\u00e4ten geschlossen. Bis mindestens Montag Nachmittag wird Sturm und Starkregen auf La Palma, El Hierro, insbesondere im Hochland und den Bergen von Teneriffa und Gran Canaria [&hellip;]<\/p>\n","protected":false},"author":1,"featured_media":0,"comment_status":"open","ping_status":"open","sticky":false,"template":"","format":"standard","meta":{"footnotes":""},"categories":[11],"tags":[],"class_list":["post-1516","post","type-post","status-publish","format-standard","hentry","category-wetter"],"_links":{"self":[{"href":"https:\/\/www.kanaren-virtuell.de\/news\/wp-json\/wp\/v2\/posts\/1516","targetHints":{"allow":["GET"]}}],"collection":[{"href":"https:\/\/www.kanaren-virtuell.de\/news\/wp-json\/wp\/v2\/posts"}],"about":[{"href":"https:\/\/www.kanaren-virtuell.de\/news\/wp-json\/wp\/v2\/types\/post"}],"author":[{"embeddable":true,"href":"https:\/\/www.kanaren-virtuell.de\/news\/wp-json\/wp\/v2\/users\/1"}],"replies":[{"embeddable":true,"href":"https:\/\/www.kanaren-virtuell.de\/news\/wp-json\/wp\/v2\/comments?post=1516"}],"version-history":[{"count":2,"href":"https:\/\/www.kanaren-virtuell.de\/news\/wp-json\/wp\/v2\/posts\/1516\/revisions"}],"predecessor-version":[{"id":1518,"href":"https:\/\/www.kanaren-virtuell.de\/news\/wp-json\/wp\/v2\/posts\/1516\/revisions\/1518"}],"wp:attachment":[{"href":"https:\/\/www.kanaren-virtuell.de\/news\/wp-json\/wp\/v2\/media?parent=1516"}],"wp:term":[{"taxonomy":"category","embeddable":true,"href":"https:\/\/www.kanaren-virtuell.de\/news\/wp-json\/wp\/v2\/categories?post=1516"},{"taxonomy":"post_tag","embeddable":true,"href":"https:\/\/www.kanaren-virtuell.de\/news\/wp-json\/wp\/v2\/tags?post=1516"}],"curies":[{"name":"wp","href":"https:\/\/api.w.org\/{rel}","templated":true}]}}