{"id":1561,"date":"2013-04-21T17:50:11","date_gmt":"2013-04-21T15:50:11","guid":{"rendered":"http:\/\/www.kanaren-virtuell.de\/news\/?p=1561"},"modified":"2013-10-26T17:50:34","modified_gmt":"2013-10-26T15:50:34","slug":"die-kanaren-im-fernsehen","status":"publish","type":"post","link":"https:\/\/www.kanaren-virtuell.de\/news\/die-kanaren-im-fernsehen\/","title":{"rendered":"Die Kanaren im Fernsehen"},"content":{"rendered":"<p>Innerhalb der n\u00e4chsten 8 Tage herrscht im deutschen Fernsehen sozusagen &#8222;Gro\u00dfkampftag&#8220; zum Thema Kanaren. Neben der ZDF-Fr\u00fchlingsshow (aus Gran Canaria) gibt es auf ARTE eine Doku-Reihe. Mehr Info: <a href=\"http:\/\/www.kanaren-virtuell.de\/kanaren_2\/kanaren-im-fernsehen.htm\">www.kanaren-virtuell.de\/kanaren_2\/kanaren-im-fernsehen.htm<\/a><\/p>\n","protected":false},"excerpt":{"rendered":"<p>Innerhalb der n\u00e4chsten 8 Tage herrscht im deutschen Fernsehen sozusagen &#8222;Gro\u00dfkampftag&#8220; zum Thema Kanaren. Neben der ZDF-Fr\u00fchlingsshow (aus Gran Canaria) gibt es auf ARTE eine Doku-Reihe. Mehr Info: www.kanaren-virtuell.de\/kanaren_2\/kanaren-im-fernsehen.htm<\/p>\n","protected":false},"author":1,"featured_media":0,"comment_status":"open","ping_status":"open","sticky":false,"template":"","format":"standard","meta":{"footnotes":""},"categories":[21],"tags":[],"class_list":["post-1561","post","type-post","status-publish","format-standard","hentry","category-medien"],"_links":{"self":[{"href":"https:\/\/www.kanaren-virtuell.de\/news\/wp-json\/wp\/v2\/posts\/1561","targetHints":{"allow":["GET"]}}],"collection":[{"href":"https:\/\/www.kanaren-virtuell.de\/news\/wp-json\/wp\/v2\/posts"}],"about":[{"href":"https:\/\/www.kanaren-virtuell.de\/news\/wp-json\/wp\/v2\/types\/post"}],"author":[{"embeddable":true,"href":"https:\/\/www.kanaren-virtuell.de\/news\/wp-json\/wp\/v2\/users\/1"}],"replies":[{"embeddable":true,"href":"https:\/\/www.kanaren-virtuell.de\/news\/wp-json\/wp\/v2\/comments?post=1561"}],"version-history":[{"count":1,"href":"https:\/\/www.kanaren-virtuell.de\/news\/wp-json\/wp\/v2\/posts\/1561\/revisions"}],"predecessor-version":[{"id":1562,"href":"https:\/\/www.kanaren-virtuell.de\/news\/wp-json\/wp\/v2\/posts\/1561\/revisions\/1562"}],"wp:attachment":[{"href":"https:\/\/www.kanaren-virtuell.de\/news\/wp-json\/wp\/v2\/media?parent=1561"}],"wp:term":[{"taxonomy":"category","embeddable":true,"href":"https:\/\/www.kanaren-virtuell.de\/news\/wp-json\/wp\/v2\/categories?post=1561"},{"taxonomy":"post_tag","embeddable":true,"href":"https:\/\/www.kanaren-virtuell.de\/news\/wp-json\/wp\/v2\/tags?post=1561"}],"curies":[{"name":"wp","href":"https:\/\/api.w.org\/{rel}","templated":true}]}}