{"id":164,"date":"2007-12-04T14:51:15","date_gmt":"2007-12-04T12:51:15","guid":{"rendered":"http:\/\/www.kanaren-virtuell.de\/news\/?p=164"},"modified":"2013-10-15T14:51:41","modified_gmt":"2013-10-15T12:51:41","slug":"ausflug-nach-la-gomera","status":"publish","type":"post","link":"https:\/\/www.kanaren-virtuell.de\/news\/ausflug-nach-la-gomera\/","title":{"rendered":"Ausflug nach La Gomera"},"content":{"rendered":"<p>F\u00fcr alle, die auf Teneriffa ihren Urlaub verbringen, haben wir eine Beschreibung f\u00fcr einen Tagestrip zur Nachbarinsel <a href=\"http:\/\/www.kanaren-virtuell.de\/la-gomera\/\">La Gomera<\/a> zusammengestellt. Die Tour bietet einen guten \u00dcberblick \u00fcber die landschaftlichen Sch\u00f6nheiten der Insel. Schwerpunkte sind nat\u00fcrlich der Nationalpark, das Valle Gran Rey, Hermigue und Agulo. Die Tourbeschreibung: <a href=\"http:\/\/www.kanaren-virtuell.de\/teneriffa_2\/touren\/tour10.htm\">http:\/\/www.kanaren-virtuell.de\/teneriffa_2\/touren\/tour10.htm<\/a><\/p>\n","protected":false},"excerpt":{"rendered":"<p>F\u00fcr alle, die auf Teneriffa ihren Urlaub verbringen, haben wir eine Beschreibung f\u00fcr einen Tagestrip zur Nachbarinsel La Gomera zusammengestellt. Die Tour bietet einen guten \u00dcberblick \u00fcber die landschaftlichen Sch\u00f6nheiten der Insel. Schwerpunkte sind nat\u00fcrlich der Nationalpark, das Valle Gran Rey, Hermigue und Agulo. Die Tourbeschreibung: http:\/\/www.kanaren-virtuell.de\/teneriffa_2\/touren\/tour10.htm<\/p>\n","protected":false},"author":1,"featured_media":0,"comment_status":"open","ping_status":"open","sticky":false,"template":"","format":"standard","meta":{"footnotes":""},"categories":[6],"tags":[],"class_list":["post-164","post","type-post","status-publish","format-standard","hentry","category-la-gomera"],"_links":{"self":[{"href":"https:\/\/www.kanaren-virtuell.de\/news\/wp-json\/wp\/v2\/posts\/164","targetHints":{"allow":["GET"]}}],"collection":[{"href":"https:\/\/www.kanaren-virtuell.de\/news\/wp-json\/wp\/v2\/posts"}],"about":[{"href":"https:\/\/www.kanaren-virtuell.de\/news\/wp-json\/wp\/v2\/types\/post"}],"author":[{"embeddable":true,"href":"https:\/\/www.kanaren-virtuell.de\/news\/wp-json\/wp\/v2\/users\/1"}],"replies":[{"embeddable":true,"href":"https:\/\/www.kanaren-virtuell.de\/news\/wp-json\/wp\/v2\/comments?post=164"}],"version-history":[{"count":1,"href":"https:\/\/www.kanaren-virtuell.de\/news\/wp-json\/wp\/v2\/posts\/164\/revisions"}],"predecessor-version":[{"id":165,"href":"https:\/\/www.kanaren-virtuell.de\/news\/wp-json\/wp\/v2\/posts\/164\/revisions\/165"}],"wp:attachment":[{"href":"https:\/\/www.kanaren-virtuell.de\/news\/wp-json\/wp\/v2\/media?parent=164"}],"wp:term":[{"taxonomy":"category","embeddable":true,"href":"https:\/\/www.kanaren-virtuell.de\/news\/wp-json\/wp\/v2\/categories?post=164"},{"taxonomy":"post_tag","embeddable":true,"href":"https:\/\/www.kanaren-virtuell.de\/news\/wp-json\/wp\/v2\/tags?post=164"}],"curies":[{"name":"wp","href":"https:\/\/api.w.org\/{rel}","templated":true}]}}