{"id":1797,"date":"2013-12-01T11:01:49","date_gmt":"2013-12-01T09:01:49","guid":{"rendered":"http:\/\/www.kanaren-virtuell.de\/news\/?p=1797"},"modified":"2013-12-03T11:05:54","modified_gmt":"2013-12-03T09:05:54","slug":"exodus-fuerteventura-von-filmteam-okkupiert","status":"publish","type":"post","link":"https:\/\/www.kanaren-virtuell.de\/news\/exodus-fuerteventura-von-filmteam-okkupiert\/","title":{"rendered":"Exodus \u2013 Fuerteventura von Filmteam okkupiert"},"content":{"rendered":"<p><strong>Die Dreharbeiten zum neuen Film von Ridley Scott bringen das Leben auf der Kanareninsel Fuerteventura aus dem gewohnten Trott. Seit dem 22. November 2013 nimmt ein 400 Leute starkes Filmteam von 20th Century Fox einige der sch\u00f6nsten Gegenden der Insel  in Beschlag.<\/strong><\/p>\n<p>Auf der Suche nach kargen und naturbelassenen Landschaften wurde das Team von Ridley Scott auf Fuerteventura f\u00fcndig. F\u00fcr das Filmprojekt Exodus, welches auf der biblischen \u00dcberlieferung von Mose, der das israelitische Volk aus der Gefangenschaft des Pharao von \u00c4gypten f\u00fchrt, basiert, sind die Str\u00e4nde von Sotavento, Cofete, El Cotillo und die Grandes Playas von Corralejo die geeignete Filmkulisse. Im Film werden Fuerteventuras Landschaften als W\u00fcste Sinai und K\u00fcste des Roten Meeres zu sehen sein.<\/p>\n<p>Regisseur Ridley Scott wurde mit verschiedenen Filmen, z.B. Blade Runner, Thelma &#038; Louise und Gladiator bekannt. F\u00fcr seinen neuen Streifen konnte er diverse Hollywood-Gr\u00f6\u00dfen gewinnen. Ex-Batman Christian Bale wird Mose spielen. In weiteren Rollen im neuen Historienfilm werden z.B.  Joel Edgerton (als Pharao), Sigourney Weaver, Ben Kingsley, Aaron Paul und John Turturro zu sehen sein.<\/p>\n<p>Nachdem die Dreharbeiten auf dem spanischen Festland abgeschlossen sind, verlagerte der Regisseur Ridley Scott seine Filmcrew mit 2 Flugzeugen von Almeria nach Fuerteventura. Ein Schiff mit riesigen Massen an Equipment lief am 23.11. in Puerto de Rosario ein. Eine schier unendliche Karawane von LKWs, Mobilhomes, Dieselgeneratoren und allem was man so in der Ein\u00f6de braucht, qu\u00e4lte sich die Stra\u00dfe von Puerto de Rosario in den Insels\u00fcden entlang. <\/p>\n<p>Auf Fuerteventura sind mehrere Orte f\u00fcr die Dreharbeiten vorgesehen. Die jeweiligen Locations werden komplett abgesperrt und sind f\u00fcr den normalen touristischen Verkehr nicht zug\u00e4nglich. Vom 25.11. bis zum 3.12. ist z.B. Cofete komplett gesperrt. An einzelnen Tagen in dieser Zeit gilt die Sperrung auch f\u00fcr den s\u00fcdlichen Bereich der Halbinsel Jandia rund um Puertito.  Auch die Piste des alten Flugplatzes im S\u00fcden der Halbinsel ist Drehort. Dreharbeiten gibt es auch am Sotavento-Strand.<br \/>\nDanach geht es an den anderen Drehorten im Inselinneren und im Norden weiter. Bis zum 12. Januar 2014 wird das Filmteam auf Fuerteventura weilen und der Insel Einnahmen in Millionenh\u00f6he bringen. Lokale Bauunternehmen, Transportunternehmen, Handwerker und nicht zuletzt Hotels, Restaurants und Bars werden vom Budget der Filmproduktionsfirma profitieren.<\/p>\n<p>F\u00fcr die Dreharbeiten im Bereich s\u00fcdlich von Morro Jable wurden mehrere Camps errichtet. Das Basiscamp wurde nahe dem Abzweig nach Cofete eingerichtet. F\u00fcr die umfangreichen Transporte nach Cofete wurde eine wechselseitige Einbahnregelung f\u00fcr die schmale Piste eingerichtet.<\/p>\n<p><BR><BR><BR><br \/>\nNichts geht mehr &#8211; Piste nach Cofete dicht<\/p>\n<p><a href=\"https:\/\/www.kanaren-virtuell.de\/news\/wp-content\/uploads\/2013\/12\/P1060549.jpg\"><img loading=\"lazy\" decoding=\"async\" src=\"https:\/\/www.kanaren-virtuell.de\/news\/wp-content\/uploads\/2013\/12\/P1060549-400x266.jpg\" alt=\"P1060549\" width=\"400\" height=\"266\" class=\"alignnone size-medium wp-image-1815\" srcset=\"https:\/\/www.kanaren-virtuell.de\/news\/wp-content\/uploads\/2013\/12\/P1060549-400x266.jpg 400w, https:\/\/www.kanaren-virtuell.de\/news\/wp-content\/uploads\/2013\/12\/P1060549.jpg 600w\" sizes=\"auto, (max-width: 400px) 100vw, 400px\" \/><\/a><\/p>\n<p><a href=\"https:\/\/www.kanaren-virtuell.de\/news\/wp-content\/uploads\/2013\/12\/P1060460.jpg\"><img loading=\"lazy\" decoding=\"async\" src=\"https:\/\/www.kanaren-virtuell.de\/news\/wp-content\/uploads\/2013\/12\/P1060460-400x266.jpg\" alt=\"P1060460\" width=\"400\" height=\"266\" class=\"alignnone size-medium wp-image-1799\" srcset=\"https:\/\/www.kanaren-virtuell.de\/news\/wp-content\/uploads\/2013\/12\/P1060460-400x266.jpg 400w, https:\/\/www.kanaren-virtuell.de\/news\/wp-content\/uploads\/2013\/12\/P1060460.jpg 600w\" sizes=\"auto, (max-width: 400px) 100vw, 400px\" \/><\/a><\/p>\n<p><a href=\"https:\/\/www.kanaren-virtuell.de\/news\/wp-content\/uploads\/2013\/12\/P1060541.jpg\"><img loading=\"lazy\" decoding=\"async\" src=\"https:\/\/www.kanaren-virtuell.de\/news\/wp-content\/uploads\/2013\/12\/P1060541-400x266.jpg\" alt=\"P1060541\" width=\"400\" height=\"266\" class=\"alignnone size-medium wp-image-1811\" srcset=\"https:\/\/www.kanaren-virtuell.de\/news\/wp-content\/uploads\/2013\/12\/P1060541-400x266.jpg 400w, https:\/\/www.kanaren-virtuell.de\/news\/wp-content\/uploads\/2013\/12\/P1060541.jpg 600w\" sizes=\"auto, (max-width: 400px) 100vw, 400px\" \/><\/a><\/p>\n<p><a href=\"https:\/\/www.kanaren-virtuell.de\/news\/wp-content\/uploads\/2013\/12\/P1060542.jpg\"><img loading=\"lazy\" decoding=\"async\" src=\"https:\/\/www.kanaren-virtuell.de\/news\/wp-content\/uploads\/2013\/12\/P1060542-400x266.jpg\" alt=\"P1060542\" width=\"400\" height=\"266\" class=\"alignnone size-medium wp-image-1812\" srcset=\"https:\/\/www.kanaren-virtuell.de\/news\/wp-content\/uploads\/2013\/12\/P1060542-400x266.jpg 400w, https:\/\/www.kanaren-virtuell.de\/news\/wp-content\/uploads\/2013\/12\/P1060542.jpg 600w\" sizes=\"auto, (max-width: 400px) 100vw, 400px\" \/><\/a><\/p>\n<p><DIV style=\"clear: both\"><\/DIV><BR><BR><br \/>\nBasislager des Filmteams nahe des Abzweiges nach Cofete<\/p>\n<p><a href=\"https:\/\/www.kanaren-virtuell.de\/news\/wp-content\/uploads\/2013\/12\/P1060461.jpg\"><img loading=\"lazy\" decoding=\"async\" src=\"https:\/\/www.kanaren-virtuell.de\/news\/wp-content\/uploads\/2013\/12\/P1060461-400x266.jpg\" alt=\"P1060461\" width=\"400\" height=\"266\" class=\"alignnone size-medium wp-image-1800\" srcset=\"https:\/\/www.kanaren-virtuell.de\/news\/wp-content\/uploads\/2013\/12\/P1060461-400x266.jpg 400w, https:\/\/www.kanaren-virtuell.de\/news\/wp-content\/uploads\/2013\/12\/P1060461.jpg 600w\" sizes=\"auto, (max-width: 400px) 100vw, 400px\" \/><\/a><\/p>\n<p><a href=\"https:\/\/www.kanaren-virtuell.de\/news\/wp-content\/uploads\/2013\/12\/P1060462.jpg\"><img loading=\"lazy\" decoding=\"async\" src=\"https:\/\/www.kanaren-virtuell.de\/news\/wp-content\/uploads\/2013\/12\/P1060462-400x266.jpg\" alt=\"P1060462\" width=\"400\" height=\"266\" class=\"alignnone size-medium wp-image-1801\" srcset=\"https:\/\/www.kanaren-virtuell.de\/news\/wp-content\/uploads\/2013\/12\/P1060462-400x266.jpg 400w, https:\/\/www.kanaren-virtuell.de\/news\/wp-content\/uploads\/2013\/12\/P1060462.jpg 600w\" sizes=\"auto, (max-width: 400px) 100vw, 400px\" \/><\/a><\/p>\n<p><a href=\"https:\/\/www.kanaren-virtuell.de\/news\/wp-content\/uploads\/2013\/12\/P1060464.jpg\"><img loading=\"lazy\" decoding=\"async\" src=\"https:\/\/www.kanaren-virtuell.de\/news\/wp-content\/uploads\/2013\/12\/P1060464-400x266.jpg\" alt=\"P1060464\" width=\"400\" height=\"266\" class=\"alignnone size-medium wp-image-1803\" srcset=\"https:\/\/www.kanaren-virtuell.de\/news\/wp-content\/uploads\/2013\/12\/P1060464-400x266.jpg 400w, https:\/\/www.kanaren-virtuell.de\/news\/wp-content\/uploads\/2013\/12\/P1060464.jpg 600w\" sizes=\"auto, (max-width: 400px) 100vw, 400px\" \/><\/a><\/p>\n<p><a href=\"https:\/\/www.kanaren-virtuell.de\/news\/wp-content\/uploads\/2013\/12\/P1060537.jpg\"><img loading=\"lazy\" decoding=\"async\" src=\"https:\/\/www.kanaren-virtuell.de\/news\/wp-content\/uploads\/2013\/12\/P1060537-400x266.jpg\" alt=\"P1060537\" width=\"400\" height=\"266\" class=\"alignnone size-medium wp-image-1807\" srcset=\"https:\/\/www.kanaren-virtuell.de\/news\/wp-content\/uploads\/2013\/12\/P1060537-400x266.jpg 400w, https:\/\/www.kanaren-virtuell.de\/news\/wp-content\/uploads\/2013\/12\/P1060537.jpg 600w\" sizes=\"auto, (max-width: 400px) 100vw, 400px\" \/><\/a><\/p>\n<p><a href=\"https:\/\/www.kanaren-virtuell.de\/news\/wp-content\/uploads\/2013\/12\/P1060540.jpg\"><img loading=\"lazy\" decoding=\"async\" src=\"https:\/\/www.kanaren-virtuell.de\/news\/wp-content\/uploads\/2013\/12\/P1060540-400x266.jpg\" alt=\"P1060540\" width=\"400\" height=\"266\" class=\"alignnone size-medium wp-image-1810\" srcset=\"https:\/\/www.kanaren-virtuell.de\/news\/wp-content\/uploads\/2013\/12\/P1060540-400x266.jpg 400w, https:\/\/www.kanaren-virtuell.de\/news\/wp-content\/uploads\/2013\/12\/P1060540.jpg 600w\" sizes=\"auto, (max-width: 400px) 100vw, 400px\" \/><\/a><\/p>\n<p><DIV style=\"clear: both\"><\/DIV><BR><BR><\/p>\n<p>Am Sotavento-Strand probte ein Stuntteam f\u00fcr den Film. Teile des Parkplatzes und Teile des Strandes waren gesperrt. Milit\u00e4r \u00fcbernahm die Absperrung.<\/p>\n<p><a href=\"https:\/\/www.kanaren-virtuell.de\/news\/wp-content\/uploads\/2013\/12\/P1060559.jpg\"><img loading=\"lazy\" decoding=\"async\" src=\"https:\/\/www.kanaren-virtuell.de\/news\/wp-content\/uploads\/2013\/12\/P1060559-400x266.jpg\" alt=\"P1060559\" width=\"400\" height=\"266\" class=\"alignnone size-medium wp-image-1817\" srcset=\"https:\/\/www.kanaren-virtuell.de\/news\/wp-content\/uploads\/2013\/12\/P1060559-400x266.jpg 400w, https:\/\/www.kanaren-virtuell.de\/news\/wp-content\/uploads\/2013\/12\/P1060559.jpg 600w\" sizes=\"auto, (max-width: 400px) 100vw, 400px\" \/><\/a><\/p>\n<p><a href=\"https:\/\/www.kanaren-virtuell.de\/news\/wp-content\/uploads\/2013\/12\/P1060560.jpg\"><img loading=\"lazy\" decoding=\"async\" src=\"https:\/\/www.kanaren-virtuell.de\/news\/wp-content\/uploads\/2013\/12\/P1060560-400x266.jpg\" alt=\"P1060560\" width=\"400\" height=\"266\" class=\"alignnone size-medium wp-image-1818\" srcset=\"https:\/\/www.kanaren-virtuell.de\/news\/wp-content\/uploads\/2013\/12\/P1060560-400x266.jpg 400w, https:\/\/www.kanaren-virtuell.de\/news\/wp-content\/uploads\/2013\/12\/P1060560.jpg 600w\" sizes=\"auto, (max-width: 400px) 100vw, 400px\" \/><\/a><\/p>\n<p><a href=\"https:\/\/www.kanaren-virtuell.de\/news\/wp-content\/uploads\/2013\/12\/P1060561.jpg\"><img loading=\"lazy\" decoding=\"async\" src=\"https:\/\/www.kanaren-virtuell.de\/news\/wp-content\/uploads\/2013\/12\/P1060561-400x266.jpg\" alt=\"P1060561\" width=\"400\" height=\"266\" class=\"alignnone size-medium wp-image-1819\" srcset=\"https:\/\/www.kanaren-virtuell.de\/news\/wp-content\/uploads\/2013\/12\/P1060561-400x266.jpg 400w, https:\/\/www.kanaren-virtuell.de\/news\/wp-content\/uploads\/2013\/12\/P1060561.jpg 600w\" sizes=\"auto, (max-width: 400px) 100vw, 400px\" \/><\/a><\/p>\n<p><a href=\"https:\/\/www.kanaren-virtuell.de\/news\/wp-content\/uploads\/2013\/12\/P1060582.jpg\"><img loading=\"lazy\" decoding=\"async\" src=\"https:\/\/www.kanaren-virtuell.de\/news\/wp-content\/uploads\/2013\/12\/P1060582-400x266.jpg\" alt=\"P1060582\" width=\"400\" height=\"266\" class=\"alignnone size-medium wp-image-1824\" srcset=\"https:\/\/www.kanaren-virtuell.de\/news\/wp-content\/uploads\/2013\/12\/P1060582-400x266.jpg 400w, https:\/\/www.kanaren-virtuell.de\/news\/wp-content\/uploads\/2013\/12\/P1060582.jpg 600w\" sizes=\"auto, (max-width: 400px) 100vw, 400px\" \/><\/a><\/p>\n","protected":false},"excerpt":{"rendered":"<p>Die Dreharbeiten zum neuen Film von Ridley Scott bringen das Leben auf der Kanareninsel Fuerteventura aus dem gewohnten Trott. Seit dem 22. November 2013 nimmt ein 400 Leute starkes Filmteam von 20th Century Fox einige der sch\u00f6nsten Gegenden der Insel in Beschlag. Auf der Suche nach kargen und naturbelassenen Landschaften wurde das Team von Ridley [&hellip;]<\/p>\n","protected":false},"author":1,"featured_media":0,"comment_status":"open","ping_status":"open","sticky":false,"template":"","format":"standard","meta":{"footnotes":""},"categories":[5],"tags":[],"class_list":["post-1797","post","type-post","status-publish","format-standard","hentry","category-fuertevenura"],"_links":{"self":[{"href":"https:\/\/www.kanaren-virtuell.de\/news\/wp-json\/wp\/v2\/posts\/1797","targetHints":{"allow":["GET"]}}],"collection":[{"href":"https:\/\/www.kanaren-virtuell.de\/news\/wp-json\/wp\/v2\/posts"}],"about":[{"href":"https:\/\/www.kanaren-virtuell.de\/news\/wp-json\/wp\/v2\/types\/post"}],"author":[{"embeddable":true,"href":"https:\/\/www.kanaren-virtuell.de\/news\/wp-json\/wp\/v2\/users\/1"}],"replies":[{"embeddable":true,"href":"https:\/\/www.kanaren-virtuell.de\/news\/wp-json\/wp\/v2\/comments?post=1797"}],"version-history":[{"count":15,"href":"https:\/\/www.kanaren-virtuell.de\/news\/wp-json\/wp\/v2\/posts\/1797\/revisions"}],"predecessor-version":[{"id":1839,"href":"https:\/\/www.kanaren-virtuell.de\/news\/wp-json\/wp\/v2\/posts\/1797\/revisions\/1839"}],"wp:attachment":[{"href":"https:\/\/www.kanaren-virtuell.de\/news\/wp-json\/wp\/v2\/media?parent=1797"}],"wp:term":[{"taxonomy":"category","embeddable":true,"href":"https:\/\/www.kanaren-virtuell.de\/news\/wp-json\/wp\/v2\/categories?post=1797"},{"taxonomy":"post_tag","embeddable":true,"href":"https:\/\/www.kanaren-virtuell.de\/news\/wp-json\/wp\/v2\/tags?post=1797"}],"curies":[{"name":"wp","href":"https:\/\/api.w.org\/{rel}","templated":true}]}}