{"id":1853,"date":"2013-12-10T17:46:31","date_gmt":"2013-12-10T15:46:31","guid":{"rendered":"http:\/\/www.kanaren-virtuell.de\/news\/?p=1853"},"modified":"2013-12-10T17:46:31","modified_gmt":"2013-12-10T15:46:31","slug":"regen-und-sturm-beuteln-die-kanaren","status":"publish","type":"post","link":"https:\/\/www.kanaren-virtuell.de\/news\/regen-und-sturm-beuteln-die-kanaren\/","title":{"rendered":"Regen und Sturm beuteln die Kanaren"},"content":{"rendered":"<p>Wie schon vor einigen Tagen angek\u00fcndigt, gehen die Wetterkapriolen im Bereich der Kanarischen Inseln weiter. Starker Wind und Regen sind f\u00fcr die Inseln angek\u00fcndigt.<br \/>\nDie staatliche Wetteragentur AEMET hat eine offizielle Unwetterwarnung f\u00fcr heute und morgen herausgegeben<br \/>\nAu\u00dfer auf Lanzarote und Fuerteventura sind am morgigen Mittwoch die Schulen geschlossen. Die Universit\u00e4t von La Laguna schlie\u00dft ebenfalls wegen der erwarteten schweren Regenf\u00e4lle. Der Schwerpunkt des Sturmes wird auf Gran Canaria erwartet. F\u00fcr Teneriffa und La Palma sind bis zu 180 Liter Regen in 12 Stunden vorausgesagt. Einige F\u00e4hrverbindungen im Bereich der westlichen Inseln sind beeintr\u00e4chtigt.<br \/>\nHoffen wir, dass es nicht ganz so schlimm wie bef\u00fcrchtet wird.<\/p>\n","protected":false},"excerpt":{"rendered":"<p>Wie schon vor einigen Tagen angek\u00fcndigt, gehen die Wetterkapriolen im Bereich der Kanarischen Inseln weiter. Starker Wind und Regen sind f\u00fcr die Inseln angek\u00fcndigt. Die staatliche Wetteragentur AEMET hat eine offizielle Unwetterwarnung f\u00fcr heute und morgen herausgegeben Au\u00dfer auf Lanzarote und Fuerteventura sind am morgigen Mittwoch die Schulen geschlossen. Die Universit\u00e4t von La Laguna schlie\u00dft [&hellip;]<\/p>\n","protected":false},"author":1,"featured_media":0,"comment_status":"open","ping_status":"open","sticky":false,"template":"","format":"standard","meta":{"footnotes":""},"categories":[1,11],"tags":[],"class_list":["post-1853","post","type-post","status-publish","format-standard","hentry","category-allgemein","category-wetter"],"_links":{"self":[{"href":"https:\/\/www.kanaren-virtuell.de\/news\/wp-json\/wp\/v2\/posts\/1853","targetHints":{"allow":["GET"]}}],"collection":[{"href":"https:\/\/www.kanaren-virtuell.de\/news\/wp-json\/wp\/v2\/posts"}],"about":[{"href":"https:\/\/www.kanaren-virtuell.de\/news\/wp-json\/wp\/v2\/types\/post"}],"author":[{"embeddable":true,"href":"https:\/\/www.kanaren-virtuell.de\/news\/wp-json\/wp\/v2\/users\/1"}],"replies":[{"embeddable":true,"href":"https:\/\/www.kanaren-virtuell.de\/news\/wp-json\/wp\/v2\/comments?post=1853"}],"version-history":[{"count":2,"href":"https:\/\/www.kanaren-virtuell.de\/news\/wp-json\/wp\/v2\/posts\/1853\/revisions"}],"predecessor-version":[{"id":1855,"href":"https:\/\/www.kanaren-virtuell.de\/news\/wp-json\/wp\/v2\/posts\/1853\/revisions\/1855"}],"wp:attachment":[{"href":"https:\/\/www.kanaren-virtuell.de\/news\/wp-json\/wp\/v2\/media?parent=1853"}],"wp:term":[{"taxonomy":"category","embeddable":true,"href":"https:\/\/www.kanaren-virtuell.de\/news\/wp-json\/wp\/v2\/categories?post=1853"},{"taxonomy":"post_tag","embeddable":true,"href":"https:\/\/www.kanaren-virtuell.de\/news\/wp-json\/wp\/v2\/tags?post=1853"}],"curies":[{"name":"wp","href":"https:\/\/api.w.org\/{rel}","templated":true}]}}