{"id":1888,"date":"2013-12-24T09:22:18","date_gmt":"2013-12-24T07:22:18","guid":{"rendered":"http:\/\/www.kanaren-virtuell.de\/news\/?p=1888"},"modified":"2013-12-24T09:22:18","modified_gmt":"2013-12-24T07:22:18","slug":"geldregen-fuer-fuerteventura-dank-dreharbeiten-zum-monumentalstreifen-exodus","status":"publish","type":"post","link":"https:\/\/www.kanaren-virtuell.de\/news\/geldregen-fuer-fuerteventura-dank-dreharbeiten-zum-monumentalstreifen-exodus\/","title":{"rendered":"Geldregen f\u00fcr Fuerteventura dank Dreharbeiten zum Monumentalstreifen &#8222;Exodus&#8220;"},"content":{"rendered":"<p>Momentan <a href=\"https:\/\/www.kanaren-virtuell.de\/news\/exodus-fuerteventura-von-filmteam-okkupiert\/\" title=\"Exodus \u2013 Fuerteventura von Filmteam okkupiert\">dreht das Team um Regisseur Ridley Scott<\/a> im Norden von Fuerteventura bei El Cotillo. N\u00f6rdlich des Ortes ziehen Kamelkarawanen durch die kleinen Sandbuchten.<br \/>\n<div id=\"attachment_1889\" style=\"width: 610px\" class=\"wp-caption alignnone\"><a href=\"https:\/\/www.kanaren-virtuell.de\/news\/wp-content\/uploads\/2013\/12\/fuerteventura-el-cotillo-drehort-fuer-exodus-fue13_3897.jpg\"><img loading=\"lazy\" decoding=\"async\" aria-describedby=\"caption-attachment-1889\" src=\"https:\/\/www.kanaren-virtuell.de\/news\/wp-content\/uploads\/2013\/12\/fuerteventura-el-cotillo-drehort-fuer-exodus-fue13_3897.jpg\" alt=\"Vorbereitungen f\u00fcr die Dreharbeiten \u00f6stlich des Leuchtturmes von El Cotillo.\" width=\"600\" height=\"400\" class=\"size-full wp-image-1889\" srcset=\"https:\/\/www.kanaren-virtuell.de\/news\/wp-content\/uploads\/2013\/12\/fuerteventura-el-cotillo-drehort-fuer-exodus-fue13_3897.jpg 600w, https:\/\/www.kanaren-virtuell.de\/news\/wp-content\/uploads\/2013\/12\/fuerteventura-el-cotillo-drehort-fuer-exodus-fue13_3897-400x266.jpg 400w\" sizes=\"auto, (max-width: 600px) 100vw, 600px\" \/><\/a><p id=\"caption-attachment-1889\" class=\"wp-caption-text\">Vorbereitungen f\u00fcr die Dreharbeiten \u00f6stlich des Leuchtturmes von El Cotillo.<\/p><\/div><br \/>\nDie Inselregierung freut sich \u00fcber die Sch\u00e4tzung, dass die Dreharbeiten mehr als 7 Millionen Euro einbringen. Wie hoch die Verluste durch verprellte Touristen sind, die zeitweise ganze Teile der Insel nicht erkunden konnten, das steht wohl auf einem anderen Blatt.<\/p>\n","protected":false},"excerpt":{"rendered":"<p>Momentan dreht das Team um Regisseur Ridley Scott im Norden von Fuerteventura bei El Cotillo. N\u00f6rdlich des Ortes ziehen Kamelkarawanen durch die kleinen Sandbuchten. Die Inselregierung freut sich \u00fcber die Sch\u00e4tzung, dass die Dreharbeiten mehr als 7 Millionen Euro einbringen. Wie hoch die Verluste durch verprellte Touristen sind, die zeitweise ganze Teile der Insel nicht [&hellip;]<\/p>\n","protected":false},"author":1,"featured_media":0,"comment_status":"open","ping_status":"open","sticky":false,"template":"","format":"standard","meta":{"footnotes":""},"categories":[5],"tags":[],"class_list":["post-1888","post","type-post","status-publish","format-standard","hentry","category-fuertevenura"],"_links":{"self":[{"href":"https:\/\/www.kanaren-virtuell.de\/news\/wp-json\/wp\/v2\/posts\/1888","targetHints":{"allow":["GET"]}}],"collection":[{"href":"https:\/\/www.kanaren-virtuell.de\/news\/wp-json\/wp\/v2\/posts"}],"about":[{"href":"https:\/\/www.kanaren-virtuell.de\/news\/wp-json\/wp\/v2\/types\/post"}],"author":[{"embeddable":true,"href":"https:\/\/www.kanaren-virtuell.de\/news\/wp-json\/wp\/v2\/users\/1"}],"replies":[{"embeddable":true,"href":"https:\/\/www.kanaren-virtuell.de\/news\/wp-json\/wp\/v2\/comments?post=1888"}],"version-history":[{"count":4,"href":"https:\/\/www.kanaren-virtuell.de\/news\/wp-json\/wp\/v2\/posts\/1888\/revisions"}],"predecessor-version":[{"id":1893,"href":"https:\/\/www.kanaren-virtuell.de\/news\/wp-json\/wp\/v2\/posts\/1888\/revisions\/1893"}],"wp:attachment":[{"href":"https:\/\/www.kanaren-virtuell.de\/news\/wp-json\/wp\/v2\/media?parent=1888"}],"wp:term":[{"taxonomy":"category","embeddable":true,"href":"https:\/\/www.kanaren-virtuell.de\/news\/wp-json\/wp\/v2\/categories?post=1888"},{"taxonomy":"post_tag","embeddable":true,"href":"https:\/\/www.kanaren-virtuell.de\/news\/wp-json\/wp\/v2\/tags?post=1888"}],"curies":[{"name":"wp","href":"https:\/\/api.w.org\/{rel}","templated":true}]}}