{"id":1902,"date":"2014-01-08T18:58:28","date_gmt":"2014-01-08T16:58:28","guid":{"rendered":"http:\/\/www.kanaren-virtuell.de\/news\/?p=1902"},"modified":"2014-01-08T18:58:28","modified_gmt":"2014-01-08T16:58:28","slug":"kanarische-inseln-der-winterschlussverkauf-hat-begonnen","status":"publish","type":"post","link":"https:\/\/www.kanaren-virtuell.de\/news\/kanarische-inseln-der-winterschlussverkauf-hat-begonnen\/","title":{"rendered":"Kanarische Inseln \u2013 Der Winterschlussverkauf hat begonnen"},"content":{"rendered":"<p>Auch im Urlaub k\u00f6nnen passionierte Schn\u00e4ppchenj\u00e4ger bei der Suche nach attraktiven Angeboten f\u00fcndig werden. Aktuell gilt dies vor allem f\u00fcr die Kanaren, denn in der Zeit vom 7. Januar bis zum 6. M\u00e4rz 2014 findet hier der Winterschlussverkauf, die so genannten Rebajas, statt. Egal, ob auf Teneriffa, Gran Canaria, Lanzarote oder Fuerteventura, wer beim Shoppen sparen m\u00f6chte, kommt in den Einkaufsstra\u00dfen vieler Orte in den Genuss satter Rabatte. <\/p>\n<p>Kanarenfans, die erst im Sommer auf den Inseln des ewigen Fr\u00fchlings verweilen, m\u00fcssen auf g\u00fcnstige Preise nicht verzichten, schlie\u00dflich k\u00f6nnen sie den Sommerschlussverkauf in der Zeit vom 1. Juli bis zum 31. August 2014 zur Schn\u00e4ppchenjagd nutzen. <\/p>\n","protected":false},"excerpt":{"rendered":"<p>Auch im Urlaub k\u00f6nnen passionierte Schn\u00e4ppchenj\u00e4ger bei der Suche nach attraktiven Angeboten f\u00fcndig werden. Aktuell gilt dies vor allem f\u00fcr die Kanaren, denn in der Zeit vom 7. Januar bis zum 6. M\u00e4rz 2014 findet hier der Winterschlussverkauf, die so genannten Rebajas, statt. Egal, ob auf Teneriffa, Gran Canaria, Lanzarote oder Fuerteventura, wer beim Shoppen [&hellip;]<\/p>\n","protected":false},"author":2,"featured_media":0,"comment_status":"open","ping_status":"open","sticky":false,"template":"","format":"standard","meta":{"footnotes":""},"categories":[1],"tags":[],"class_list":["post-1902","post","type-post","status-publish","format-standard","hentry","category-allgemein"],"_links":{"self":[{"href":"https:\/\/www.kanaren-virtuell.de\/news\/wp-json\/wp\/v2\/posts\/1902","targetHints":{"allow":["GET"]}}],"collection":[{"href":"https:\/\/www.kanaren-virtuell.de\/news\/wp-json\/wp\/v2\/posts"}],"about":[{"href":"https:\/\/www.kanaren-virtuell.de\/news\/wp-json\/wp\/v2\/types\/post"}],"author":[{"embeddable":true,"href":"https:\/\/www.kanaren-virtuell.de\/news\/wp-json\/wp\/v2\/users\/2"}],"replies":[{"embeddable":true,"href":"https:\/\/www.kanaren-virtuell.de\/news\/wp-json\/wp\/v2\/comments?post=1902"}],"version-history":[{"count":1,"href":"https:\/\/www.kanaren-virtuell.de\/news\/wp-json\/wp\/v2\/posts\/1902\/revisions"}],"predecessor-version":[{"id":1903,"href":"https:\/\/www.kanaren-virtuell.de\/news\/wp-json\/wp\/v2\/posts\/1902\/revisions\/1903"}],"wp:attachment":[{"href":"https:\/\/www.kanaren-virtuell.de\/news\/wp-json\/wp\/v2\/media?parent=1902"}],"wp:term":[{"taxonomy":"category","embeddable":true,"href":"https:\/\/www.kanaren-virtuell.de\/news\/wp-json\/wp\/v2\/categories?post=1902"},{"taxonomy":"post_tag","embeddable":true,"href":"https:\/\/www.kanaren-virtuell.de\/news\/wp-json\/wp\/v2\/tags?post=1902"}],"curies":[{"name":"wp","href":"https:\/\/api.w.org\/{rel}","templated":true}]}}