{"id":1905,"date":"2014-01-09T21:17:20","date_gmt":"2014-01-09T19:17:20","guid":{"rendered":"http:\/\/www.kanaren-virtuell.de\/news\/?p=1905"},"modified":"2014-01-09T21:17:20","modified_gmt":"2014-01-09T19:17:20","slug":"verkehrte-welt-wetterkapriolen","status":"publish","type":"post","link":"https:\/\/www.kanaren-virtuell.de\/news\/verkehrte-welt-wetterkapriolen\/","title":{"rendered":"Verkehrte Welt &#8211; Wetterkapriolen"},"content":{"rendered":"<p>Bei uns in Deutschland herrschen fr\u00fchlingshafte Temperaturen und in den Bergen von Gran Canaria schneit und graupelt es bei rund einem Grad Celsius. Nachdem es in der vergangenen Nacht bereits am Pico de las Nieves Graupelschauer gab, schneite es heute am sp\u00e4ten Vormittag sogar. Die Stra\u00dfen ins Bergland waren zeitweise verstopft, da zahlreiche Canarios den Schnee sehen wollten.<\/p>\n<p>Eine Unwetterwarnung wegen starken Regenf\u00e4llen gibt es f\u00fcr die 4 westlichen Inseln Teneriffa, La Palma, La Gomera und El Hierro, sowie f\u00fcr Gran Canaria.<\/p>\n<p>Auf Teneriffa wurde Hagel im Anagagebirge bei Bailadero und s\u00fcdwestlich von Vilaflor gemeldet.<\/p>\n","protected":false},"excerpt":{"rendered":"<p>Bei uns in Deutschland herrschen fr\u00fchlingshafte Temperaturen und in den Bergen von Gran Canaria schneit und graupelt es bei rund einem Grad Celsius. Nachdem es in der vergangenen Nacht bereits am Pico de las Nieves Graupelschauer gab, schneite es heute am sp\u00e4ten Vormittag sogar. Die Stra\u00dfen ins Bergland waren zeitweise verstopft, da zahlreiche Canarios den [&hellip;]<\/p>\n","protected":false},"author":1,"featured_media":0,"comment_status":"open","ping_status":"open","sticky":false,"template":"","format":"standard","meta":{"footnotes":""},"categories":[11],"tags":[],"class_list":["post-1905","post","type-post","status-publish","format-standard","hentry","category-wetter"],"_links":{"self":[{"href":"https:\/\/www.kanaren-virtuell.de\/news\/wp-json\/wp\/v2\/posts\/1905","targetHints":{"allow":["GET"]}}],"collection":[{"href":"https:\/\/www.kanaren-virtuell.de\/news\/wp-json\/wp\/v2\/posts"}],"about":[{"href":"https:\/\/www.kanaren-virtuell.de\/news\/wp-json\/wp\/v2\/types\/post"}],"author":[{"embeddable":true,"href":"https:\/\/www.kanaren-virtuell.de\/news\/wp-json\/wp\/v2\/users\/1"}],"replies":[{"embeddable":true,"href":"https:\/\/www.kanaren-virtuell.de\/news\/wp-json\/wp\/v2\/comments?post=1905"}],"version-history":[{"count":3,"href":"https:\/\/www.kanaren-virtuell.de\/news\/wp-json\/wp\/v2\/posts\/1905\/revisions"}],"predecessor-version":[{"id":1908,"href":"https:\/\/www.kanaren-virtuell.de\/news\/wp-json\/wp\/v2\/posts\/1905\/revisions\/1908"}],"wp:attachment":[{"href":"https:\/\/www.kanaren-virtuell.de\/news\/wp-json\/wp\/v2\/media?parent=1905"}],"wp:term":[{"taxonomy":"category","embeddable":true,"href":"https:\/\/www.kanaren-virtuell.de\/news\/wp-json\/wp\/v2\/categories?post=1905"},{"taxonomy":"post_tag","embeddable":true,"href":"https:\/\/www.kanaren-virtuell.de\/news\/wp-json\/wp\/v2\/tags?post=1905"}],"curies":[{"name":"wp","href":"https:\/\/api.w.org\/{rel}","templated":true}]}}