{"id":2001,"date":"2014-02-17T18:55:50","date_gmt":"2014-02-17T16:55:50","guid":{"rendered":"http:\/\/www.kanaren-virtuell.de\/news\/?p=2001"},"modified":"2014-02-17T18:55:50","modified_gmt":"2014-02-17T16:55:50","slug":"dia-de-los-indianos-den-weissen-karneval-auf-la-palma-erleben","status":"publish","type":"post","link":"https:\/\/www.kanaren-virtuell.de\/news\/dia-de-los-indianos-den-weissen-karneval-auf-la-palma-erleben\/","title":{"rendered":"Dia de los Indianos \u2013 Den wei\u00dfen Karneval auf La Palma erleben"},"content":{"rendered":"<p>Karneval auf den Kanaren ist f\u00fcr Touristen immer wieder ein ganz besonderes Erlebnis und nicht mit dem deutschen Karneval vergleichbar. Wer ohnehin Urlaub auf den Kanaren macht und Fasching mal anders erleben m\u00f6chte, sollte sich den Dia de los Indianos auf La Palma nicht entgehen lassen. <\/p>\n<p>Am 3. M\u00e4rz 2014 findet der Dia de los Indianos statt und pr\u00e4sentiert sich als gro\u00dfes Spektakel, das sich Touristen nicht entgehen lassen sollten. Der wei\u00dfe Karneval ist ein echtes Highlight und taucht Santa Cruz in wei\u00dfen Puder. Ganz in wei\u00df wird an diesem Tag gefeiert, so dass man gemeinsam mit den Einheimischen in einer ganz besonderen Atmosph\u00e4re Karneval feiern kann. <\/p>\n","protected":false},"excerpt":{"rendered":"<p>Karneval auf den Kanaren ist f\u00fcr Touristen immer wieder ein ganz besonderes Erlebnis und nicht mit dem deutschen Karneval vergleichbar. Wer ohnehin Urlaub auf den Kanaren macht und Fasching mal anders erleben m\u00f6chte, sollte sich den Dia de los Indianos auf La Palma nicht entgehen lassen. Am 3. M\u00e4rz 2014 findet der Dia de los [&hellip;]<\/p>\n","protected":false},"author":2,"featured_media":0,"comment_status":"open","ping_status":"open","sticky":false,"template":"","format":"standard","meta":{"footnotes":""},"categories":[7],"tags":[],"class_list":["post-2001","post","type-post","status-publish","format-standard","hentry","category-la-palma"],"_links":{"self":[{"href":"https:\/\/www.kanaren-virtuell.de\/news\/wp-json\/wp\/v2\/posts\/2001","targetHints":{"allow":["GET"]}}],"collection":[{"href":"https:\/\/www.kanaren-virtuell.de\/news\/wp-json\/wp\/v2\/posts"}],"about":[{"href":"https:\/\/www.kanaren-virtuell.de\/news\/wp-json\/wp\/v2\/types\/post"}],"author":[{"embeddable":true,"href":"https:\/\/www.kanaren-virtuell.de\/news\/wp-json\/wp\/v2\/users\/2"}],"replies":[{"embeddable":true,"href":"https:\/\/www.kanaren-virtuell.de\/news\/wp-json\/wp\/v2\/comments?post=2001"}],"version-history":[{"count":1,"href":"https:\/\/www.kanaren-virtuell.de\/news\/wp-json\/wp\/v2\/posts\/2001\/revisions"}],"predecessor-version":[{"id":2002,"href":"https:\/\/www.kanaren-virtuell.de\/news\/wp-json\/wp\/v2\/posts\/2001\/revisions\/2002"}],"wp:attachment":[{"href":"https:\/\/www.kanaren-virtuell.de\/news\/wp-json\/wp\/v2\/media?parent=2001"}],"wp:term":[{"taxonomy":"category","embeddable":true,"href":"https:\/\/www.kanaren-virtuell.de\/news\/wp-json\/wp\/v2\/categories?post=2001"},{"taxonomy":"post_tag","embeddable":true,"href":"https:\/\/www.kanaren-virtuell.de\/news\/wp-json\/wp\/v2\/tags?post=2001"}],"curies":[{"name":"wp","href":"https:\/\/api.w.org\/{rel}","templated":true}]}}