{"id":2246,"date":"2014-08-16T11:53:40","date_gmt":"2014-08-16T09:53:40","guid":{"rendered":"http:\/\/www.kanaren-virtuell.de\/news\/?p=2246"},"modified":"2014-08-19T10:11:12","modified_gmt":"2014-08-19T08:11:12","slug":"natur-aktiv-erleben-walking-festival-auf-la-palma","status":"publish","type":"post","link":"https:\/\/www.kanaren-virtuell.de\/news\/natur-aktiv-erleben-walking-festival-auf-la-palma\/","title":{"rendered":"Natur aktiv erleben \u2013 Walking-Festival auf La Palma"},"content":{"rendered":"<p>Die Insel La Palma \u00fcberzeugt Touristen nicht zuletzt durch ihre ausgesprochene Landschaftsvielfalt. Urlauber, die ihren Aufenthalt gerne aktiv gestalten, k\u00f6nnen auf der Kanareninsel nach Herzenslust wandern, biken, surfen oder tauchen. All diejenigen, die sich dem Wandern verschrieben haben, sollten La Palma in der Zeit vom 22. bis zum 24. August 2014 besuchen, denn dann l\u00e4dt das Walking-Festival wieder einmal zu <a href=\"http:\/\/www.kanaren-virtuell.de\/la-palma\/wandern-la-palma.htm\">erlebnisreichen Streifz\u00fcgen durch die Natur La Palmas<\/a> ein. <\/p>\n<p>Unter dem Motto \u201eVom Meer bis in die Wolken\u201c h\u00e4lt das Festival auch in diesem Jahr interessante Themenwanderungen, genussvolle Kurzwanderungen, Routen \u00fcber weitere Strecken und Nacht-Hiking bereit. Treffpunkt f\u00fcr passionierte Wanderer ist die Plaza de Espana in Santa Cruz de La Palma. <\/p>\n<p><img decoding=\"async\" src=\"http:\/\/www.kanaren-virtuell.de\/diashow_14\/images\/lp06_2897.jpg\" alt=\"Wanderweg auf La Palma\" \/><\/p>\n","protected":false},"excerpt":{"rendered":"<p>Die Insel La Palma \u00fcberzeugt Touristen nicht zuletzt durch ihre ausgesprochene Landschaftsvielfalt. Urlauber, die ihren Aufenthalt gerne aktiv gestalten, k\u00f6nnen auf der Kanareninsel nach Herzenslust wandern, biken, surfen oder tauchen. All diejenigen, die sich dem Wandern verschrieben haben, sollten La Palma in der Zeit vom 22. bis zum 24. August 2014 besuchen, denn dann l\u00e4dt [&hellip;]<\/p>\n","protected":false},"author":2,"featured_media":0,"comment_status":"open","ping_status":"open","sticky":false,"template":"","format":"standard","meta":{"footnotes":""},"categories":[7],"tags":[],"class_list":["post-2246","post","type-post","status-publish","format-standard","hentry","category-la-palma"],"_links":{"self":[{"href":"https:\/\/www.kanaren-virtuell.de\/news\/wp-json\/wp\/v2\/posts\/2246","targetHints":{"allow":["GET"]}}],"collection":[{"href":"https:\/\/www.kanaren-virtuell.de\/news\/wp-json\/wp\/v2\/posts"}],"about":[{"href":"https:\/\/www.kanaren-virtuell.de\/news\/wp-json\/wp\/v2\/types\/post"}],"author":[{"embeddable":true,"href":"https:\/\/www.kanaren-virtuell.de\/news\/wp-json\/wp\/v2\/users\/2"}],"replies":[{"embeddable":true,"href":"https:\/\/www.kanaren-virtuell.de\/news\/wp-json\/wp\/v2\/comments?post=2246"}],"version-history":[{"count":2,"href":"https:\/\/www.kanaren-virtuell.de\/news\/wp-json\/wp\/v2\/posts\/2246\/revisions"}],"predecessor-version":[{"id":2248,"href":"https:\/\/www.kanaren-virtuell.de\/news\/wp-json\/wp\/v2\/posts\/2246\/revisions\/2248"}],"wp:attachment":[{"href":"https:\/\/www.kanaren-virtuell.de\/news\/wp-json\/wp\/v2\/media?parent=2246"}],"wp:term":[{"taxonomy":"category","embeddable":true,"href":"https:\/\/www.kanaren-virtuell.de\/news\/wp-json\/wp\/v2\/categories?post=2246"},{"taxonomy":"post_tag","embeddable":true,"href":"https:\/\/www.kanaren-virtuell.de\/news\/wp-json\/wp\/v2\/tags?post=2246"}],"curies":[{"name":"wp","href":"https:\/\/api.w.org\/{rel}","templated":true}]}}