{"id":2351,"date":"2014-10-20T11:14:46","date_gmt":"2014-10-20T09:14:46","guid":{"rendered":"http:\/\/www.kanaren-virtuell.de\/news\/?p=2351"},"modified":"2014-10-20T11:14:46","modified_gmt":"2014-10-20T09:14:46","slug":"unwetter-mit-ueberschwemmungen-auf-teneriffa-1-todesopfer","status":"publish","type":"post","link":"https:\/\/www.kanaren-virtuell.de\/news\/unwetter-mit-ueberschwemmungen-auf-teneriffa-1-todesopfer\/","title":{"rendered":"Unwetter mit \u00dcberschwemmungen auf Teneriffa \u2013 1 Todesopfer"},"content":{"rendered":"<p>Am Sonntag setzte ein Unwetter mit Regenf\u00e4llen bis zu 136 Liter je Quadratmeter vor allem Teneriffas Inselhauptstadt Santa Cruz unter Wasser. Ganze Stra\u00dfenz\u00fcge standen unter Wasser, zahlreiche Wohnungen, L\u00e4den und Tiefgaragen wurden \u00fcberschwemmt. Eine 56-j\u00e4hrige Frau und ihr Ehemann wurden auf der Avenida de Venezuela von den Wassermassen mitgerissen. Die Frau erlag dabei  einem Herzinfarkt. In Teilen der Hauptstadt gab es Stromausf\u00e4lle. Etwa 4000 Menschen waren davon betroffen.<br \/>\nMehrere Landstra\u00dfen  auf der Insel mussten wegen Erdrutschen gesperrt werden.<br \/>\nIm S\u00fcdwesten der Insel waren vor allem die Gemeinden von Santiago del Teide und Gu\u00eda de Isora vom Starkregen betroffen. Besonders in Playa de la Arena, Alcala und Los Gigantes gibt es Sch\u00e4den durch \u00dcberflutungen.<\/p>\n<p>Am Montag hat sich das Wetter beruhigt und ab Mittwoch wird wieder mit sonnigem Wetter gerechnet.<\/p>\n","protected":false},"excerpt":{"rendered":"<p>Am Sonntag setzte ein Unwetter mit Regenf\u00e4llen bis zu 136 Liter je Quadratmeter vor allem Teneriffas Inselhauptstadt Santa Cruz unter Wasser. Ganze Stra\u00dfenz\u00fcge standen unter Wasser, zahlreiche Wohnungen, L\u00e4den und Tiefgaragen wurden \u00fcberschwemmt. Eine 56-j\u00e4hrige Frau und ihr Ehemann wurden auf der Avenida de Venezuela von den Wassermassen mitgerissen. Die Frau erlag dabei einem Herzinfarkt. [&hellip;]<\/p>\n","protected":false},"author":1,"featured_media":0,"comment_status":"open","ping_status":"open","sticky":false,"template":"","format":"standard","meta":{"footnotes":""},"categories":[2,11],"tags":[],"class_list":["post-2351","post","type-post","status-publish","format-standard","hentry","category-teneriffa","category-wetter"],"_links":{"self":[{"href":"https:\/\/www.kanaren-virtuell.de\/news\/wp-json\/wp\/v2\/posts\/2351","targetHints":{"allow":["GET"]}}],"collection":[{"href":"https:\/\/www.kanaren-virtuell.de\/news\/wp-json\/wp\/v2\/posts"}],"about":[{"href":"https:\/\/www.kanaren-virtuell.de\/news\/wp-json\/wp\/v2\/types\/post"}],"author":[{"embeddable":true,"href":"https:\/\/www.kanaren-virtuell.de\/news\/wp-json\/wp\/v2\/users\/1"}],"replies":[{"embeddable":true,"href":"https:\/\/www.kanaren-virtuell.de\/news\/wp-json\/wp\/v2\/comments?post=2351"}],"version-history":[{"count":1,"href":"https:\/\/www.kanaren-virtuell.de\/news\/wp-json\/wp\/v2\/posts\/2351\/revisions"}],"predecessor-version":[{"id":2352,"href":"https:\/\/www.kanaren-virtuell.de\/news\/wp-json\/wp\/v2\/posts\/2351\/revisions\/2352"}],"wp:attachment":[{"href":"https:\/\/www.kanaren-virtuell.de\/news\/wp-json\/wp\/v2\/media?parent=2351"}],"wp:term":[{"taxonomy":"category","embeddable":true,"href":"https:\/\/www.kanaren-virtuell.de\/news\/wp-json\/wp\/v2\/categories?post=2351"},{"taxonomy":"post_tag","embeddable":true,"href":"https:\/\/www.kanaren-virtuell.de\/news\/wp-json\/wp\/v2\/tags?post=2351"}],"curies":[{"name":"wp","href":"https:\/\/api.w.org\/{rel}","templated":true}]}}