{"id":2393,"date":"2014-11-18T23:06:46","date_gmt":"2014-11-18T21:06:46","guid":{"rendered":"http:\/\/www.kanaren-virtuell.de\/news\/?p=2393"},"modified":"2014-11-18T23:06:55","modified_gmt":"2014-11-18T21:06:55","slug":"dia-blanco-auf-la-palma-shoppen-bis-in-die-nacht-in-los-llanos","status":"publish","type":"post","link":"https:\/\/www.kanaren-virtuell.de\/news\/dia-blanco-auf-la-palma-shoppen-bis-in-die-nacht-in-los-llanos\/","title":{"rendered":"Dia Blanco auf La Palma \u2013 Shoppen bis in die Nacht in Los Llanos"},"content":{"rendered":"<p>Die Kanareninsel La Palma ist genau der richtige Platz, um einmal auszuspannen und den stressigen Alltag hinter sich zu lassen. Neben komfortablen Unterk\u00fcnften, wie zum Beispiel h\u00fcbschen Ferienh\u00e4usern und gem\u00fctlichen Ferienwohnungen, finden Urlauber hier wundersch\u00f6ne Str\u00e4nde mit schwarzem Vulkansand, tolle Aussichtspunkte und Sehensw\u00fcrdigkeiten wie die Salinas de Fuencaliente vor. Rustikale Fischrestaurants, Markthallen und kleine Gesch\u00e4fte runden das touristische Angebot ab. <\/p>\n<p>Shoppingfans kommen am Dia Blanco, dem \u201ewei\u00dfen Tag\u201c, auf La Palma ganz besonders auf ihre Kosten. Dieser findet am 28. November 2014 statt und l\u00e4dt beispielsweise in Los Llanos von 10 Uhr bis Mitternacht zum Einkaufen in der Innenstadt ein. Des Weiteren darf man sich auf die Er\u00f6ffnung der ber\u00fchmten Weihnachtskrippe freuen. <\/p>\n","protected":false},"excerpt":{"rendered":"<p>Die Kanareninsel La Palma ist genau der richtige Platz, um einmal auszuspannen und den stressigen Alltag hinter sich zu lassen. Neben komfortablen Unterk\u00fcnften, wie zum Beispiel h\u00fcbschen Ferienh\u00e4usern und gem\u00fctlichen Ferienwohnungen, finden Urlauber hier wundersch\u00f6ne Str\u00e4nde mit schwarzem Vulkansand, tolle Aussichtspunkte und Sehensw\u00fcrdigkeiten wie die Salinas de Fuencaliente vor. Rustikale Fischrestaurants, Markthallen und kleine Gesch\u00e4fte [&hellip;]<\/p>\n","protected":false},"author":2,"featured_media":0,"comment_status":"open","ping_status":"open","sticky":false,"template":"","format":"standard","meta":{"footnotes":""},"categories":[7,22],"tags":[],"class_list":["post-2393","post","type-post","status-publish","format-standard","hentry","category-la-palma","category-veranstaltungen"],"_links":{"self":[{"href":"https:\/\/www.kanaren-virtuell.de\/news\/wp-json\/wp\/v2\/posts\/2393","targetHints":{"allow":["GET"]}}],"collection":[{"href":"https:\/\/www.kanaren-virtuell.de\/news\/wp-json\/wp\/v2\/posts"}],"about":[{"href":"https:\/\/www.kanaren-virtuell.de\/news\/wp-json\/wp\/v2\/types\/post"}],"author":[{"embeddable":true,"href":"https:\/\/www.kanaren-virtuell.de\/news\/wp-json\/wp\/v2\/users\/2"}],"replies":[{"embeddable":true,"href":"https:\/\/www.kanaren-virtuell.de\/news\/wp-json\/wp\/v2\/comments?post=2393"}],"version-history":[{"count":1,"href":"https:\/\/www.kanaren-virtuell.de\/news\/wp-json\/wp\/v2\/posts\/2393\/revisions"}],"predecessor-version":[{"id":2394,"href":"https:\/\/www.kanaren-virtuell.de\/news\/wp-json\/wp\/v2\/posts\/2393\/revisions\/2394"}],"wp:attachment":[{"href":"https:\/\/www.kanaren-virtuell.de\/news\/wp-json\/wp\/v2\/media?parent=2393"}],"wp:term":[{"taxonomy":"category","embeddable":true,"href":"https:\/\/www.kanaren-virtuell.de\/news\/wp-json\/wp\/v2\/categories?post=2393"},{"taxonomy":"post_tag","embeddable":true,"href":"https:\/\/www.kanaren-virtuell.de\/news\/wp-json\/wp\/v2\/tags?post=2393"}],"curies":[{"name":"wp","href":"https:\/\/api.w.org\/{rel}","templated":true}]}}