{"id":2437,"date":"2014-12-09T20:46:21","date_gmt":"2014-12-09T18:46:21","guid":{"rendered":"http:\/\/www.kanaren-virtuell.de\/news\/?p=2437"},"modified":"2014-12-09T20:46:21","modified_gmt":"2014-12-09T18:46:21","slug":"teneriffa-cafe-del-mar-feiert-in-adeje-eroeffnung","status":"publish","type":"post","link":"https:\/\/www.kanaren-virtuell.de\/news\/teneriffa-cafe-del-mar-feiert-in-adeje-eroeffnung\/","title":{"rendered":"Teneriffa \u2013 Cafe del Mar feiert in Adeje Er\u00f6ffnung"},"content":{"rendered":"<p>In Touristengebieten ist es nicht ungew\u00f6hnlich, dass Lokale schlie\u00dfen oder andere neu er\u00f6ffnen. Auch auf den Kanarischen Inseln ist dies nicht anders. Wie \u201espanien-urlaub-spezial.de\u201c berichtet, wird am 19. Dezember 2014 in Adeje auf Teneriffa ein Cafe del Mar neu er\u00f6ffnen. Das erste Cafe del Mar soll 1980 auf Ibiza er\u00f6ffnet haben, weltweit soll es 20 dieser exklusiven Lokalit\u00e4ten geben. <\/p>\n<p>Wer das elegante Ambiente im Cafe del Mar genie\u00dfen m\u00f6chte, kann dies ab dem 19. Dezember im Centro Comercial Costa Torviscas located in Adeje tun. Das Cafe soll donnerstags bis sonntags immer ab 17 Uhr ge\u00f6ffnet haben. Sofern keine speziellen Events stattfinden, ist der Eintritt frei. <\/p>\n","protected":false},"excerpt":{"rendered":"<p>In Touristengebieten ist es nicht ungew\u00f6hnlich, dass Lokale schlie\u00dfen oder andere neu er\u00f6ffnen. Auch auf den Kanarischen Inseln ist dies nicht anders. Wie \u201espanien-urlaub-spezial.de\u201c berichtet, wird am 19. Dezember 2014 in Adeje auf Teneriffa ein Cafe del Mar neu er\u00f6ffnen. Das erste Cafe del Mar soll 1980 auf Ibiza er\u00f6ffnet haben, weltweit soll es 20 [&hellip;]<\/p>\n","protected":false},"author":2,"featured_media":0,"comment_status":"open","ping_status":"open","sticky":false,"template":"","format":"standard","meta":{"footnotes":""},"categories":[2],"tags":[],"class_list":["post-2437","post","type-post","status-publish","format-standard","hentry","category-teneriffa"],"_links":{"self":[{"href":"https:\/\/www.kanaren-virtuell.de\/news\/wp-json\/wp\/v2\/posts\/2437","targetHints":{"allow":["GET"]}}],"collection":[{"href":"https:\/\/www.kanaren-virtuell.de\/news\/wp-json\/wp\/v2\/posts"}],"about":[{"href":"https:\/\/www.kanaren-virtuell.de\/news\/wp-json\/wp\/v2\/types\/post"}],"author":[{"embeddable":true,"href":"https:\/\/www.kanaren-virtuell.de\/news\/wp-json\/wp\/v2\/users\/2"}],"replies":[{"embeddable":true,"href":"https:\/\/www.kanaren-virtuell.de\/news\/wp-json\/wp\/v2\/comments?post=2437"}],"version-history":[{"count":1,"href":"https:\/\/www.kanaren-virtuell.de\/news\/wp-json\/wp\/v2\/posts\/2437\/revisions"}],"predecessor-version":[{"id":2438,"href":"https:\/\/www.kanaren-virtuell.de\/news\/wp-json\/wp\/v2\/posts\/2437\/revisions\/2438"}],"wp:attachment":[{"href":"https:\/\/www.kanaren-virtuell.de\/news\/wp-json\/wp\/v2\/media?parent=2437"}],"wp:term":[{"taxonomy":"category","embeddable":true,"href":"https:\/\/www.kanaren-virtuell.de\/news\/wp-json\/wp\/v2\/categories?post=2437"},{"taxonomy":"post_tag","embeddable":true,"href":"https:\/\/www.kanaren-virtuell.de\/news\/wp-json\/wp\/v2\/tags?post=2437"}],"curies":[{"name":"wp","href":"https:\/\/api.w.org\/{rel}","templated":true}]}}