{"id":2439,"date":"2014-12-11T22:00:34","date_gmt":"2014-12-11T20:00:34","guid":{"rendered":"http:\/\/www.kanaren-virtuell.de\/news\/?p=2439"},"modified":"2014-12-16T12:31:07","modified_gmt":"2014-12-16T10:31:07","slug":"neue-einkaufsmoeglichkeit-in-santa-cruz-mercado-de-la-abejera-feiert-eroeffnung","status":"publish","type":"post","link":"https:\/\/www.kanaren-virtuell.de\/news\/neue-einkaufsmoeglichkeit-in-santa-cruz-mercado-de-la-abejera-feiert-eroeffnung\/","title":{"rendered":"Neue Einkaufsm\u00f6glichkeit in Santa Cruz \u2013 Mercado de La Abejera feiert Er\u00f6ffnung"},"content":{"rendered":"<p>Die Kanarischen Inseln eignen sich bestens f\u00fcr einen erholsamen Urlaub im Ferienhaus oder in der Ferienwohnung. Egal, ob auf Gran Canaria, Fuerteventura, Lanzarote, Teneriffa, La Palma, La Gomera oder El Hierro, wundersch\u00f6n gelegene Ferienh\u00e4user und komfortable Ferienwohnungen gibt es in den meisten Urlaubsorten. Wer sich im Urlaub selbst verpflegt und nur hin und wieder ausw\u00e4rts speist, muss nat\u00fcrlich daf\u00fcr sorgen, dass die Lebensmittel im Feriendomizil nicht ausgehen. In <a href=\"http:\/\/www.kanaren-virtuell.de\/teneriffa_2\/orte\/santa.htm\">Santa Cruz auf Teneriffa<\/a> hat heute eine neue Markthalle er\u00f6ffnet. <\/p>\n<p>Der Mercado de La Abejera ist im Barrio de Garcia Escamez zu finden. Hier kann man dienstags bis sonntags in der Zeit von 7.30 \u2013 19 Uhr zum Beispiel frisches Gem\u00fcse, Obst und Fleisch sowie leckere Backwaren und K\u00e4sesorten kaufen. <\/p>\n","protected":false},"excerpt":{"rendered":"<p>Die Kanarischen Inseln eignen sich bestens f\u00fcr einen erholsamen Urlaub im Ferienhaus oder in der Ferienwohnung. Egal, ob auf Gran Canaria, Fuerteventura, Lanzarote, Teneriffa, La Palma, La Gomera oder El Hierro, wundersch\u00f6n gelegene Ferienh\u00e4user und komfortable Ferienwohnungen gibt es in den meisten Urlaubsorten. Wer sich im Urlaub selbst verpflegt und nur hin und wieder ausw\u00e4rts [&hellip;]<\/p>\n","protected":false},"author":2,"featured_media":0,"comment_status":"open","ping_status":"open","sticky":false,"template":"","format":"standard","meta":{"footnotes":""},"categories":[2],"tags":[],"class_list":["post-2439","post","type-post","status-publish","format-standard","hentry","category-teneriffa"],"_links":{"self":[{"href":"https:\/\/www.kanaren-virtuell.de\/news\/wp-json\/wp\/v2\/posts\/2439","targetHints":{"allow":["GET"]}}],"collection":[{"href":"https:\/\/www.kanaren-virtuell.de\/news\/wp-json\/wp\/v2\/posts"}],"about":[{"href":"https:\/\/www.kanaren-virtuell.de\/news\/wp-json\/wp\/v2\/types\/post"}],"author":[{"embeddable":true,"href":"https:\/\/www.kanaren-virtuell.de\/news\/wp-json\/wp\/v2\/users\/2"}],"replies":[{"embeddable":true,"href":"https:\/\/www.kanaren-virtuell.de\/news\/wp-json\/wp\/v2\/comments?post=2439"}],"version-history":[{"count":2,"href":"https:\/\/www.kanaren-virtuell.de\/news\/wp-json\/wp\/v2\/posts\/2439\/revisions"}],"predecessor-version":[{"id":2446,"href":"https:\/\/www.kanaren-virtuell.de\/news\/wp-json\/wp\/v2\/posts\/2439\/revisions\/2446"}],"wp:attachment":[{"href":"https:\/\/www.kanaren-virtuell.de\/news\/wp-json\/wp\/v2\/media?parent=2439"}],"wp:term":[{"taxonomy":"category","embeddable":true,"href":"https:\/\/www.kanaren-virtuell.de\/news\/wp-json\/wp\/v2\/categories?post=2439"},{"taxonomy":"post_tag","embeddable":true,"href":"https:\/\/www.kanaren-virtuell.de\/news\/wp-json\/wp\/v2\/tags?post=2439"}],"curies":[{"name":"wp","href":"https:\/\/api.w.org\/{rel}","templated":true}]}}