{"id":2455,"date":"2015-01-03T10:44:48","date_gmt":"2015-01-03T08:44:48","guid":{"rendered":"http:\/\/www.kanaren-virtuell.de\/news\/?p=2455"},"modified":"2015-01-03T10:44:48","modified_gmt":"2015-01-03T08:44:48","slug":"calima-auf-den-kanaren","status":"publish","type":"post","link":"https:\/\/www.kanaren-virtuell.de\/news\/calima-auf-den-kanaren\/","title":{"rendered":"Calima auf den Kanaren"},"content":{"rendered":"<p>Nachdem sich schon der Jahreswechsel auf den Kanarischen Inseln recht staubig pr\u00e4sentierte, erneuerte die AEMET die Warnung vor dem feinen Saharastaub bis zum Wochenende. Auch eine l\u00e4ngere Phase bis zum Dreik\u00f6nigstag wird nicht ausgeschlossen. Vor allem die Ostseite von Gran Canaria ist stark betroffen.<br \/>\nSeit Dienstag, dem 27.12., und damit au\u00dfergew\u00f6hnlich lange, l\u00e4sst der feine Saharastaub die Inseln im Dunst versinken. Nur am Neujahrstag gab es eine kurze Pause und die Menschen konnten aufatmen.<br \/>\nMehr zum Thema Calima: <a href=\"http:\/\/www.kanaren-virtuell.de\/klima-kanaren.htm\">http:\/\/www.kanaren-virtuell.de\/klima-kanaren.htm<\/a><\/p>\n","protected":false},"excerpt":{"rendered":"<p>Nachdem sich schon der Jahreswechsel auf den Kanarischen Inseln recht staubig pr\u00e4sentierte, erneuerte die AEMET die Warnung vor dem feinen Saharastaub bis zum Wochenende. Auch eine l\u00e4ngere Phase bis zum Dreik\u00f6nigstag wird nicht ausgeschlossen. Vor allem die Ostseite von Gran Canaria ist stark betroffen. Seit Dienstag, dem 27.12., und damit au\u00dfergew\u00f6hnlich lange, l\u00e4sst der feine [&hellip;]<\/p>\n","protected":false},"author":1,"featured_media":0,"comment_status":"open","ping_status":"open","sticky":false,"template":"","format":"standard","meta":{"footnotes":""},"categories":[11],"tags":[],"class_list":["post-2455","post","type-post","status-publish","format-standard","hentry","category-wetter"],"_links":{"self":[{"href":"https:\/\/www.kanaren-virtuell.de\/news\/wp-json\/wp\/v2\/posts\/2455","targetHints":{"allow":["GET"]}}],"collection":[{"href":"https:\/\/www.kanaren-virtuell.de\/news\/wp-json\/wp\/v2\/posts"}],"about":[{"href":"https:\/\/www.kanaren-virtuell.de\/news\/wp-json\/wp\/v2\/types\/post"}],"author":[{"embeddable":true,"href":"https:\/\/www.kanaren-virtuell.de\/news\/wp-json\/wp\/v2\/users\/1"}],"replies":[{"embeddable":true,"href":"https:\/\/www.kanaren-virtuell.de\/news\/wp-json\/wp\/v2\/comments?post=2455"}],"version-history":[{"count":2,"href":"https:\/\/www.kanaren-virtuell.de\/news\/wp-json\/wp\/v2\/posts\/2455\/revisions"}],"predecessor-version":[{"id":2457,"href":"https:\/\/www.kanaren-virtuell.de\/news\/wp-json\/wp\/v2\/posts\/2455\/revisions\/2457"}],"wp:attachment":[{"href":"https:\/\/www.kanaren-virtuell.de\/news\/wp-json\/wp\/v2\/media?parent=2455"}],"wp:term":[{"taxonomy":"category","embeddable":true,"href":"https:\/\/www.kanaren-virtuell.de\/news\/wp-json\/wp\/v2\/categories?post=2455"},{"taxonomy":"post_tag","embeddable":true,"href":"https:\/\/www.kanaren-virtuell.de\/news\/wp-json\/wp\/v2\/tags?post=2455"}],"curies":[{"name":"wp","href":"https:\/\/api.w.org\/{rel}","templated":true}]}}