{"id":249,"date":"2009-06-19T15:50:20","date_gmt":"2009-06-19T13:50:20","guid":{"rendered":"http:\/\/www.kanaren-virtuell.de\/news\/?p=249"},"modified":"2013-10-15T15:50:49","modified_gmt":"2013-10-15T13:50:49","slug":"unesco-spricht-fuerteventura-den-status-biosphaerenreservat-zu","status":"publish","type":"post","link":"https:\/\/www.kanaren-virtuell.de\/news\/unesco-spricht-fuerteventura-den-status-biosphaerenreservat-zu\/","title":{"rendered":"UNESCO spricht Fuerteventura den Status Biosph\u00e4renreservat zu"},"content":{"rendered":"<p>Seit dem 26. M\u00e4rz darf sich die Kanareninsel Fuerteventura mit dem Titel \u201cBiosph\u00e4renreservat der UNESCO\u201d schm\u00fccken. Die Vielfalt der \u00d6kosysteme von den Sandw\u00fcsten bis hin zu den K\u00fcsten- und Meereslandschaften inclusive der Wale, Delfine und Meeresschildkr\u00f6ten sind die entscheidenden Faktoren f\u00fcr die Anerkennung als Biosph\u00e4renreservat.<\/p>\n","protected":false},"excerpt":{"rendered":"<p>Seit dem 26. M\u00e4rz darf sich die Kanareninsel Fuerteventura mit dem Titel \u201cBiosph\u00e4renreservat der UNESCO\u201d schm\u00fccken. Die Vielfalt der \u00d6kosysteme von den Sandw\u00fcsten bis hin zu den K\u00fcsten- und Meereslandschaften inclusive der Wale, Delfine und Meeresschildkr\u00f6ten sind die entscheidenden Faktoren f\u00fcr die Anerkennung als Biosph\u00e4renreservat.<\/p>\n","protected":false},"author":1,"featured_media":0,"comment_status":"open","ping_status":"open","sticky":false,"template":"","format":"standard","meta":{"footnotes":""},"categories":[5],"tags":[],"class_list":["post-249","post","type-post","status-publish","format-standard","hentry","category-fuertevenura"],"_links":{"self":[{"href":"https:\/\/www.kanaren-virtuell.de\/news\/wp-json\/wp\/v2\/posts\/249","targetHints":{"allow":["GET"]}}],"collection":[{"href":"https:\/\/www.kanaren-virtuell.de\/news\/wp-json\/wp\/v2\/posts"}],"about":[{"href":"https:\/\/www.kanaren-virtuell.de\/news\/wp-json\/wp\/v2\/types\/post"}],"author":[{"embeddable":true,"href":"https:\/\/www.kanaren-virtuell.de\/news\/wp-json\/wp\/v2\/users\/1"}],"replies":[{"embeddable":true,"href":"https:\/\/www.kanaren-virtuell.de\/news\/wp-json\/wp\/v2\/comments?post=249"}],"version-history":[{"count":1,"href":"https:\/\/www.kanaren-virtuell.de\/news\/wp-json\/wp\/v2\/posts\/249\/revisions"}],"predecessor-version":[{"id":250,"href":"https:\/\/www.kanaren-virtuell.de\/news\/wp-json\/wp\/v2\/posts\/249\/revisions\/250"}],"wp:attachment":[{"href":"https:\/\/www.kanaren-virtuell.de\/news\/wp-json\/wp\/v2\/media?parent=249"}],"wp:term":[{"taxonomy":"category","embeddable":true,"href":"https:\/\/www.kanaren-virtuell.de\/news\/wp-json\/wp\/v2\/categories?post=249"},{"taxonomy":"post_tag","embeddable":true,"href":"https:\/\/www.kanaren-virtuell.de\/news\/wp-json\/wp\/v2\/tags?post=249"}],"curies":[{"name":"wp","href":"https:\/\/api.w.org\/{rel}","templated":true}]}}