{"id":251,"date":"2009-06-20T15:51:04","date_gmt":"2009-06-20T13:51:04","guid":{"rendered":"http:\/\/www.kanaren-virtuell.de\/news\/?p=251"},"modified":"2013-10-15T15:51:33","modified_gmt":"2013-10-15T13:51:33","slug":"canadas-als-filmkulisse-fuer-kampf-der-titanen","status":"publish","type":"post","link":"https:\/\/www.kanaren-virtuell.de\/news\/canadas-als-filmkulisse-fuer-kampf-der-titanen\/","title":{"rendered":"Canadas als Filmkulisse f\u00fcr \u201cKampf der Titanen\u201d"},"content":{"rendered":"<p>Von Mitte Mai bis zum 3. Juni 2009 wehte ein Hauch Hollywood auf Teneriffa. Die amerikanische Filmgesellschaft Warner Bros hatte sich nach umfangreichen Recherchen f\u00fcr die grandiose Naturkulisse der <a href=\"http:\/\/www.kanaren-virtuell.de\/teneriffa_2\/orte\/canadas.htm\">Ca&ntilde;adas<\/a> entschieden. Etwa ein F\u00fcnftel des Films wird von der Landschaft um den <a href=\"http:\/\/www.kanaren-virtuell.de\/teneriffa_2\/orte\/teide.htm\">Teide<\/a> gekr\u00f6nt. Weitere Aufnahmen fanden im Norden der Insel u.a. bei <a href=\"http:\/\/www.kanaren-virtuell.de\/teneriffa_2\/orte\/icod.htm\">Icod de los Vinos<\/a> statt. Im Remake des Fantasy-Streifens aus dem Jahre 1981 spielen Liam Neeson (\u201cSchindlers Liste\u201d) den Zeus und Ralph Fiennes (\u201cDer englische Patient\u201d) den Hades. Regie f\u00fchrt Louis Leterreir (u.a. \u201cDer unglaubliche Hulk\u201d und \u201cEntfesselt\u201d). <img decoding=\"async\" src=\"http:\/\/www.insel-teneriffa.de\/diashow_12\/images\/tf09_1191.jpg\" alt=\"Dreharbeiten in den Canadas - Teneriffa\" \/> Das Wohnwagen-Dorf f\u00fcr Teile der 350 Mann starken Film-Crew war bei El Portillo errichtet. Gedreht wurde u.a. am Mirador \u201cMinas de San Jose\u201d und nahe des Parador Nacional. An den Drehorten war die Stra\u00dfe durch die Canadas halbseitig gesperrt und die Security achtete streng darauf, dass niemand im Bereich der Filmarbeiten anhielt. <img decoding=\"async\" src=\"http:\/\/www.insel-teneriffa.de\/diashow_12\/images\/tf09_1190.jpg\" alt=\"Basis der 350-Mann-Filmcrew bei El Portillo - Canadas - Teneriffa\" \/> <img decoding=\"async\" src=\"http:\/\/www.insel-teneriffa.de\/diashow_12\/images\/tf09_5844.jpg\" alt=\"Basis der 350-Mann-Filmcrew am Parador - Canadas - Teneriffa\" \/> <img decoding=\"async\" src=\"http:\/\/www.insel-teneriffa.de\/diashow_12\/images\/tf09_5853.jpg\" alt=\"Basis der 350-Mann-Filmcrew am Parador - Canadas - Teneriffa\" \/> 2.5 Millionen Euro Einnahmen bescherte der Filmdreh der <a href=\"http:\/\/www.kanaren-virtuell.de\/teneriffa_2\/\">Insel Teneriffa<\/a> durch Unterkunft, Verpflegung und Transport.<\/p>\n","protected":false},"excerpt":{"rendered":"<p>Von Mitte Mai bis zum 3. Juni 2009 wehte ein Hauch Hollywood auf Teneriffa. Die amerikanische Filmgesellschaft Warner Bros hatte sich nach umfangreichen Recherchen f\u00fcr die grandiose Naturkulisse der Ca&ntilde;adas entschieden. Etwa ein F\u00fcnftel des Films wird von der Landschaft um den Teide gekr\u00f6nt. Weitere Aufnahmen fanden im Norden der Insel u.a. bei Icod de [&hellip;]<\/p>\n","protected":false},"author":1,"featured_media":0,"comment_status":"open","ping_status":"open","sticky":false,"template":"","format":"standard","meta":{"footnotes":""},"categories":[21,2],"tags":[],"class_list":["post-251","post","type-post","status-publish","format-standard","hentry","category-medien","category-teneriffa"],"_links":{"self":[{"href":"https:\/\/www.kanaren-virtuell.de\/news\/wp-json\/wp\/v2\/posts\/251","targetHints":{"allow":["GET"]}}],"collection":[{"href":"https:\/\/www.kanaren-virtuell.de\/news\/wp-json\/wp\/v2\/posts"}],"about":[{"href":"https:\/\/www.kanaren-virtuell.de\/news\/wp-json\/wp\/v2\/types\/post"}],"author":[{"embeddable":true,"href":"https:\/\/www.kanaren-virtuell.de\/news\/wp-json\/wp\/v2\/users\/1"}],"replies":[{"embeddable":true,"href":"https:\/\/www.kanaren-virtuell.de\/news\/wp-json\/wp\/v2\/comments?post=251"}],"version-history":[{"count":1,"href":"https:\/\/www.kanaren-virtuell.de\/news\/wp-json\/wp\/v2\/posts\/251\/revisions"}],"predecessor-version":[{"id":252,"href":"https:\/\/www.kanaren-virtuell.de\/news\/wp-json\/wp\/v2\/posts\/251\/revisions\/252"}],"wp:attachment":[{"href":"https:\/\/www.kanaren-virtuell.de\/news\/wp-json\/wp\/v2\/media?parent=251"}],"wp:term":[{"taxonomy":"category","embeddable":true,"href":"https:\/\/www.kanaren-virtuell.de\/news\/wp-json\/wp\/v2\/categories?post=251"},{"taxonomy":"post_tag","embeddable":true,"href":"https:\/\/www.kanaren-virtuell.de\/news\/wp-json\/wp\/v2\/tags?post=251"}],"curies":[{"name":"wp","href":"https:\/\/api.w.org\/{rel}","templated":true}]}}