{"id":2512,"date":"2015-02-21T13:21:26","date_gmt":"2015-02-21T11:21:26","guid":{"rendered":"http:\/\/www.kanaren-virtuell.de\/news\/?p=2512"},"modified":"2015-02-24T18:16:15","modified_gmt":"2015-02-24T16:16:15","slug":"teneriffa-kunsthandwerkermarkt-in-los-cristianos-in-arona","status":"publish","type":"post","link":"https:\/\/www.kanaren-virtuell.de\/news\/teneriffa-kunsthandwerkermarkt-in-los-cristianos-in-arona\/","title":{"rendered":"Teneriffa &#8211; Kunsthandwerkermarkt in Los Cristianos in Arona"},"content":{"rendered":"<p>Die Stadt Arona liegt im S\u00fcdwesten der Kanareninsel Teneriffa. Die <a href=\"http:\/\/www.kanaren-virtuell.de\/teneriffa_2\/orte\/christianos.htm\">Touristenhochburg Los Cristianos<\/a> geh\u00f6rt zur Gemeinde Arona und ist am 21. Februar 2015 Schauplatz des diesj\u00e4hrigen Kunsthandwerkermarktes. Vor allem diejenigen, die zum ersten Mal Urlaub auf den Kanaren machen, sollten einen Besuch dieser Veranstaltung einplanen, denn hier k\u00f6nnen sie nicht nur das eine oder andere Schn\u00e4ppchen machen, sondern das kanarische Kunsthandwerk sogar live erleben. <\/p>\n<p>Der Kunsthandwerkermarkt vor dem Kulturzentrum von Los Cristianos ist in der Zeit von 10 bis 18 Uhr ge\u00f6ffnet. Bei einem gem\u00fctlichen Bummel \u00fcber den Markt, auf dem auch Folkloremusik dargeboten wird, k\u00f6nnen Besucher filigrane Handarbeiten verschiedenster Art bewundern und nat\u00fcrlich auch k\u00e4uflich erwerben. <\/p>\n","protected":false},"excerpt":{"rendered":"<p>Die Stadt Arona liegt im S\u00fcdwesten der Kanareninsel Teneriffa. Die Touristenhochburg Los Cristianos geh\u00f6rt zur Gemeinde Arona und ist am 21. Februar 2015 Schauplatz des diesj\u00e4hrigen Kunsthandwerkermarktes. Vor allem diejenigen, die zum ersten Mal Urlaub auf den Kanaren machen, sollten einen Besuch dieser Veranstaltung einplanen, denn hier k\u00f6nnen sie nicht nur das eine oder andere [&hellip;]<\/p>\n","protected":false},"author":2,"featured_media":0,"comment_status":"open","ping_status":"open","sticky":false,"template":"","format":"standard","meta":{"footnotes":""},"categories":[2,22],"tags":[],"class_list":["post-2512","post","type-post","status-publish","format-standard","hentry","category-teneriffa","category-veranstaltungen"],"_links":{"self":[{"href":"https:\/\/www.kanaren-virtuell.de\/news\/wp-json\/wp\/v2\/posts\/2512","targetHints":{"allow":["GET"]}}],"collection":[{"href":"https:\/\/www.kanaren-virtuell.de\/news\/wp-json\/wp\/v2\/posts"}],"about":[{"href":"https:\/\/www.kanaren-virtuell.de\/news\/wp-json\/wp\/v2\/types\/post"}],"author":[{"embeddable":true,"href":"https:\/\/www.kanaren-virtuell.de\/news\/wp-json\/wp\/v2\/users\/2"}],"replies":[{"embeddable":true,"href":"https:\/\/www.kanaren-virtuell.de\/news\/wp-json\/wp\/v2\/comments?post=2512"}],"version-history":[{"count":2,"href":"https:\/\/www.kanaren-virtuell.de\/news\/wp-json\/wp\/v2\/posts\/2512\/revisions"}],"predecessor-version":[{"id":2520,"href":"https:\/\/www.kanaren-virtuell.de\/news\/wp-json\/wp\/v2\/posts\/2512\/revisions\/2520"}],"wp:attachment":[{"href":"https:\/\/www.kanaren-virtuell.de\/news\/wp-json\/wp\/v2\/media?parent=2512"}],"wp:term":[{"taxonomy":"category","embeddable":true,"href":"https:\/\/www.kanaren-virtuell.de\/news\/wp-json\/wp\/v2\/categories?post=2512"},{"taxonomy":"post_tag","embeddable":true,"href":"https:\/\/www.kanaren-virtuell.de\/news\/wp-json\/wp\/v2\/tags?post=2512"}],"curies":[{"name":"wp","href":"https:\/\/api.w.org\/{rel}","templated":true}]}}