{"id":2584,"date":"2015-04-09T19:46:53","date_gmt":"2015-04-09T17:46:53","guid":{"rendered":"http:\/\/www.kanaren-virtuell.de\/news\/?p=2584"},"modified":"2015-04-09T19:46:53","modified_gmt":"2015-04-09T17:46:53","slug":"teneriffa-musik-und-gute-laune-beim-fruehschoppen-an-der-playa-jardin","status":"publish","type":"post","link":"https:\/\/www.kanaren-virtuell.de\/news\/teneriffa-musik-und-gute-laune-beim-fruehschoppen-an-der-playa-jardin\/","title":{"rendered":"Teneriffa &#8211; Musik und gute Laune beim Fr\u00fchschoppen an der Playa Jardin"},"content":{"rendered":"<p>Im \u201eTerraza del Mar\u201c, einem Restaurant an der Playa Jardin in Puerto de la Cruz, wird am kommenden Sonntag, den 12. April 2015, beste Unterhaltung geboten. Medienberichten zufolge werden Gaststar Luc Simon und Schlagers\u00e4ngerin Ana Maria Hachen bei dem sonnt\u00e4glichen Fr\u00fchschoppen auftreten und sowohl bekannte Schlager als auch Oldies zum Besten geben. <\/p>\n<p>Neben einer gro\u00dfen Tombola und einer Tango-Show erwartet die Besucher zudem eine Gran Paella. Wer Lust auf einen Fr\u00fchschoppen mit musikalischer Unterhaltung hat, sollte sich am Sonntag zwischen 11 und 14 Uhr nichts anderes vornehmen und im \u201eTerraza del Mar\u201c an der Playa Jardin auf Teneriffa vorbeischauen. <\/p>\n","protected":false},"excerpt":{"rendered":"<p>Im \u201eTerraza del Mar\u201c, einem Restaurant an der Playa Jardin in Puerto de la Cruz, wird am kommenden Sonntag, den 12. April 2015, beste Unterhaltung geboten. Medienberichten zufolge werden Gaststar Luc Simon und Schlagers\u00e4ngerin Ana Maria Hachen bei dem sonnt\u00e4glichen Fr\u00fchschoppen auftreten und sowohl bekannte Schlager als auch Oldies zum Besten geben. Neben einer gro\u00dfen [&hellip;]<\/p>\n","protected":false},"author":2,"featured_media":0,"comment_status":"open","ping_status":"open","sticky":false,"template":"","format":"standard","meta":{"footnotes":""},"categories":[2,22],"tags":[],"class_list":["post-2584","post","type-post","status-publish","format-standard","hentry","category-teneriffa","category-veranstaltungen"],"_links":{"self":[{"href":"https:\/\/www.kanaren-virtuell.de\/news\/wp-json\/wp\/v2\/posts\/2584","targetHints":{"allow":["GET"]}}],"collection":[{"href":"https:\/\/www.kanaren-virtuell.de\/news\/wp-json\/wp\/v2\/posts"}],"about":[{"href":"https:\/\/www.kanaren-virtuell.de\/news\/wp-json\/wp\/v2\/types\/post"}],"author":[{"embeddable":true,"href":"https:\/\/www.kanaren-virtuell.de\/news\/wp-json\/wp\/v2\/users\/2"}],"replies":[{"embeddable":true,"href":"https:\/\/www.kanaren-virtuell.de\/news\/wp-json\/wp\/v2\/comments?post=2584"}],"version-history":[{"count":1,"href":"https:\/\/www.kanaren-virtuell.de\/news\/wp-json\/wp\/v2\/posts\/2584\/revisions"}],"predecessor-version":[{"id":2585,"href":"https:\/\/www.kanaren-virtuell.de\/news\/wp-json\/wp\/v2\/posts\/2584\/revisions\/2585"}],"wp:attachment":[{"href":"https:\/\/www.kanaren-virtuell.de\/news\/wp-json\/wp\/v2\/media?parent=2584"}],"wp:term":[{"taxonomy":"category","embeddable":true,"href":"https:\/\/www.kanaren-virtuell.de\/news\/wp-json\/wp\/v2\/categories?post=2584"},{"taxonomy":"post_tag","embeddable":true,"href":"https:\/\/www.kanaren-virtuell.de\/news\/wp-json\/wp\/v2\/tags?post=2584"}],"curies":[{"name":"wp","href":"https:\/\/api.w.org\/{rel}","templated":true}]}}