{"id":2586,"date":"2015-04-11T15:13:16","date_gmt":"2015-04-11T13:13:16","guid":{"rendered":"http:\/\/www.kanaren-virtuell.de\/news\/?p=2586"},"modified":"2015-04-11T15:13:16","modified_gmt":"2015-04-11T13:13:16","slug":"la-palma-das-wanderparadies-der-kanaren-2","status":"publish","type":"post","link":"https:\/\/www.kanaren-virtuell.de\/news\/la-palma-das-wanderparadies-der-kanaren-2\/","title":{"rendered":"La Palma \u2013 Das Wanderparadies der Kanaren"},"content":{"rendered":"<p>Nicht ohne Grund wird die Kanareninsel La Palma auch als Isla Verde, gr\u00fcne Insel, bezeichnet, denn 40 Prozent des Eilandes sind mit Wald bedeckt. F\u00fcr Aktivurlauber ergeben sich hier zahlreiche M\u00f6glichkeiten. So bietet sich beispielsweise eine Wanderung auf der Vulkanroute, der Cumbre Vieja, an. Als landschaftliches Highlight gilt die Caldera de Taburiente, ein gro\u00dfer Vulkankrater, der dem Wanderer den geologischen Ursprung der Insel vor Augen f\u00fchrt. <\/p>\n<p>Da man auf La Palma keinen Touristenmassen begegnet, kann man hier wunderbar abschalten und den stressigen Alltag hinter sich lassen. La Palma verf\u00fcgt \u00fcber ein rund 1.000 Kilometer umfassendes, allerdings nicht g\u00e4nzlich markiertes, Wanderwegenetz. Fruchtbare T\u00e4ler, tiefe Schluchten sowie eine artenreiche Flora und Fauna lassen sich bestens auf Schusters Rappen erkunden. <\/p>\n","protected":false},"excerpt":{"rendered":"<p>Nicht ohne Grund wird die Kanareninsel La Palma auch als Isla Verde, gr\u00fcne Insel, bezeichnet, denn 40 Prozent des Eilandes sind mit Wald bedeckt. F\u00fcr Aktivurlauber ergeben sich hier zahlreiche M\u00f6glichkeiten. So bietet sich beispielsweise eine Wanderung auf der Vulkanroute, der Cumbre Vieja, an. Als landschaftliches Highlight gilt die Caldera de Taburiente, ein gro\u00dfer Vulkankrater, [&hellip;]<\/p>\n","protected":false},"author":2,"featured_media":0,"comment_status":"open","ping_status":"open","sticky":false,"template":"","format":"standard","meta":{"footnotes":""},"categories":[7],"tags":[],"class_list":["post-2586","post","type-post","status-publish","format-standard","hentry","category-la-palma"],"_links":{"self":[{"href":"https:\/\/www.kanaren-virtuell.de\/news\/wp-json\/wp\/v2\/posts\/2586","targetHints":{"allow":["GET"]}}],"collection":[{"href":"https:\/\/www.kanaren-virtuell.de\/news\/wp-json\/wp\/v2\/posts"}],"about":[{"href":"https:\/\/www.kanaren-virtuell.de\/news\/wp-json\/wp\/v2\/types\/post"}],"author":[{"embeddable":true,"href":"https:\/\/www.kanaren-virtuell.de\/news\/wp-json\/wp\/v2\/users\/2"}],"replies":[{"embeddable":true,"href":"https:\/\/www.kanaren-virtuell.de\/news\/wp-json\/wp\/v2\/comments?post=2586"}],"version-history":[{"count":1,"href":"https:\/\/www.kanaren-virtuell.de\/news\/wp-json\/wp\/v2\/posts\/2586\/revisions"}],"predecessor-version":[{"id":2587,"href":"https:\/\/www.kanaren-virtuell.de\/news\/wp-json\/wp\/v2\/posts\/2586\/revisions\/2587"}],"wp:attachment":[{"href":"https:\/\/www.kanaren-virtuell.de\/news\/wp-json\/wp\/v2\/media?parent=2586"}],"wp:term":[{"taxonomy":"category","embeddable":true,"href":"https:\/\/www.kanaren-virtuell.de\/news\/wp-json\/wp\/v2\/categories?post=2586"},{"taxonomy":"post_tag","embeddable":true,"href":"https:\/\/www.kanaren-virtuell.de\/news\/wp-json\/wp\/v2\/tags?post=2586"}],"curies":[{"name":"wp","href":"https:\/\/api.w.org\/{rel}","templated":true}]}}