{"id":2591,"date":"2015-04-16T10:56:48","date_gmt":"2015-04-16T08:56:48","guid":{"rendered":"http:\/\/www.kanaren-virtuell.de\/news\/?p=2591"},"modified":"2015-04-16T10:56:48","modified_gmt":"2015-04-16T08:56:48","slug":"ausstellung-la-mujer-de-terracotta-in-santa-cruz-auf-teneriffa","status":"publish","type":"post","link":"https:\/\/www.kanaren-virtuell.de\/news\/ausstellung-la-mujer-de-terracotta-in-santa-cruz-auf-teneriffa\/","title":{"rendered":"Ausstellung \u201eLa mujer de terracotta\u201c in Santa Cruz auf Teneriffa"},"content":{"rendered":"<p>Der norwegische Arch\u00e4ologe und Umweltaktivist Thor Heyerdahl schrieb mit der Wissenschaft experimenteller Arch\u00e4ologie einst Geschichte. Seine Tochter Marian Heyerdahl hat sich als K\u00fcnstlerin bereits einen Namen gemacht und steht somit ebenfalls, wie ehemals ihr ber\u00fchmter Vater, im \u00f6ffentlichen Interesse. Derzeit und noch bis zum 25. Juli 2015 ist auf der Kanareninsel Teneriffa eine Ausstellung von ihr zu sehen. <\/p>\n<p>Die Ausstellung \u201eLa mujer de terracotta\u201c ist in Santa Cruz im Espacio Cultural de la Fundacion CajaCanarias zu sehen. Themen der Ausstellung sind Opfer des Krieges sowie Frauen und Kinder der ber\u00fchmten Terrakotta-Krieger Xi\u2019an. Seit 2007 soll diese Ausstellung bereits in Peking, Seoul, Stockholm und Mailand stattgefunden haben. <\/p>\n","protected":false},"excerpt":{"rendered":"<p>Der norwegische Arch\u00e4ologe und Umweltaktivist Thor Heyerdahl schrieb mit der Wissenschaft experimenteller Arch\u00e4ologie einst Geschichte. Seine Tochter Marian Heyerdahl hat sich als K\u00fcnstlerin bereits einen Namen gemacht und steht somit ebenfalls, wie ehemals ihr ber\u00fchmter Vater, im \u00f6ffentlichen Interesse. Derzeit und noch bis zum 25. Juli 2015 ist auf der Kanareninsel Teneriffa eine Ausstellung von [&hellip;]<\/p>\n","protected":false},"author":2,"featured_media":0,"comment_status":"open","ping_status":"open","sticky":false,"template":"","format":"standard","meta":{"footnotes":""},"categories":[2,22],"tags":[],"class_list":["post-2591","post","type-post","status-publish","format-standard","hentry","category-teneriffa","category-veranstaltungen"],"_links":{"self":[{"href":"https:\/\/www.kanaren-virtuell.de\/news\/wp-json\/wp\/v2\/posts\/2591","targetHints":{"allow":["GET"]}}],"collection":[{"href":"https:\/\/www.kanaren-virtuell.de\/news\/wp-json\/wp\/v2\/posts"}],"about":[{"href":"https:\/\/www.kanaren-virtuell.de\/news\/wp-json\/wp\/v2\/types\/post"}],"author":[{"embeddable":true,"href":"https:\/\/www.kanaren-virtuell.de\/news\/wp-json\/wp\/v2\/users\/2"}],"replies":[{"embeddable":true,"href":"https:\/\/www.kanaren-virtuell.de\/news\/wp-json\/wp\/v2\/comments?post=2591"}],"version-history":[{"count":1,"href":"https:\/\/www.kanaren-virtuell.de\/news\/wp-json\/wp\/v2\/posts\/2591\/revisions"}],"predecessor-version":[{"id":2592,"href":"https:\/\/www.kanaren-virtuell.de\/news\/wp-json\/wp\/v2\/posts\/2591\/revisions\/2592"}],"wp:attachment":[{"href":"https:\/\/www.kanaren-virtuell.de\/news\/wp-json\/wp\/v2\/media?parent=2591"}],"wp:term":[{"taxonomy":"category","embeddable":true,"href":"https:\/\/www.kanaren-virtuell.de\/news\/wp-json\/wp\/v2\/categories?post=2591"},{"taxonomy":"post_tag","embeddable":true,"href":"https:\/\/www.kanaren-virtuell.de\/news\/wp-json\/wp\/v2\/tags?post=2591"}],"curies":[{"name":"wp","href":"https:\/\/api.w.org\/{rel}","templated":true}]}}