{"id":2672,"date":"2015-06-16T18:15:08","date_gmt":"2015-06-16T16:15:08","guid":{"rendered":"http:\/\/www.kanaren-virtuell.de\/news\/?p=2672"},"modified":"2015-06-16T18:15:08","modified_gmt":"2015-06-16T16:15:08","slug":"gran-canaria-yoga-und-zumba-am-strand","status":"publish","type":"post","link":"https:\/\/www.kanaren-virtuell.de\/news\/gran-canaria-yoga-und-zumba-am-strand\/","title":{"rendered":"Gran Canaria &#8211; Yoga und Zumba am Strand"},"content":{"rendered":"<p>Am Strand zu relaxen und einfach die sch\u00f6ne Landschaftskulisse zu genie\u00dfen, reicht vielen Kanaren-Urlaubern nicht, denn sie suchen oft auch nach einem sportlichen Ausgleich, der durchaus zum Wohlbefinden beitragen kann. Bereits im vergangenen Jahr wurde auf Gran Canaria an der Playa del Ingles in der Gemeinde Bartolome de Tirajana Zumba- und Yoga-Fitness angeboten. Dieses Angebot soll bei Touristen gro\u00dfen Anklang gefunden haben. <\/p>\n<p>Entsprechende Aktivit\u00e4ten sollen in den Monaten Juni, Juli und August auch in diesem Jahr wieder genutzt werden k\u00f6nnen. Wer seinen diesj\u00e4hrigen Sommerurlaub auf Gran Canaria verbringt, sollte sich freitags zwischen 9 und 10.30 Uhr an der Playa del Ingles einfinden und die M\u00f6glichkeit nutzen, sich unter freiem Himmel sportlich zu bet\u00e4tigen. <\/p>\n","protected":false},"excerpt":{"rendered":"<p>Am Strand zu relaxen und einfach die sch\u00f6ne Landschaftskulisse zu genie\u00dfen, reicht vielen Kanaren-Urlaubern nicht, denn sie suchen oft auch nach einem sportlichen Ausgleich, der durchaus zum Wohlbefinden beitragen kann. Bereits im vergangenen Jahr wurde auf Gran Canaria an der Playa del Ingles in der Gemeinde Bartolome de Tirajana Zumba- und Yoga-Fitness angeboten. Dieses Angebot [&hellip;]<\/p>\n","protected":false},"author":2,"featured_media":0,"comment_status":"open","ping_status":"open","sticky":false,"template":"","format":"standard","meta":{"footnotes":""},"categories":[4],"tags":[],"class_list":["post-2672","post","type-post","status-publish","format-standard","hentry","category-gran-canaria"],"_links":{"self":[{"href":"https:\/\/www.kanaren-virtuell.de\/news\/wp-json\/wp\/v2\/posts\/2672","targetHints":{"allow":["GET"]}}],"collection":[{"href":"https:\/\/www.kanaren-virtuell.de\/news\/wp-json\/wp\/v2\/posts"}],"about":[{"href":"https:\/\/www.kanaren-virtuell.de\/news\/wp-json\/wp\/v2\/types\/post"}],"author":[{"embeddable":true,"href":"https:\/\/www.kanaren-virtuell.de\/news\/wp-json\/wp\/v2\/users\/2"}],"replies":[{"embeddable":true,"href":"https:\/\/www.kanaren-virtuell.de\/news\/wp-json\/wp\/v2\/comments?post=2672"}],"version-history":[{"count":1,"href":"https:\/\/www.kanaren-virtuell.de\/news\/wp-json\/wp\/v2\/posts\/2672\/revisions"}],"predecessor-version":[{"id":2673,"href":"https:\/\/www.kanaren-virtuell.de\/news\/wp-json\/wp\/v2\/posts\/2672\/revisions\/2673"}],"wp:attachment":[{"href":"https:\/\/www.kanaren-virtuell.de\/news\/wp-json\/wp\/v2\/media?parent=2672"}],"wp:term":[{"taxonomy":"category","embeddable":true,"href":"https:\/\/www.kanaren-virtuell.de\/news\/wp-json\/wp\/v2\/categories?post=2672"},{"taxonomy":"post_tag","embeddable":true,"href":"https:\/\/www.kanaren-virtuell.de\/news\/wp-json\/wp\/v2\/tags?post=2672"}],"curies":[{"name":"wp","href":"https:\/\/api.w.org\/{rel}","templated":true}]}}