{"id":2880,"date":"2015-10-23T08:27:49","date_gmt":"2015-10-23T06:27:49","guid":{"rendered":"http:\/\/www.kanaren-virtuell.de\/news\/?p=2880"},"modified":"2015-10-23T11:38:48","modified_gmt":"2015-10-23T09:38:48","slug":"unwetter-auf-den-kanaren-6","status":"publish","type":"post","link":"https:\/\/www.kanaren-virtuell.de\/news\/unwetter-auf-den-kanaren-6\/","title":{"rendered":"Unwetter auf den Kanaren"},"content":{"rendered":"<p>Nachdem in den vergangenen Tagen schon der Norden der Kanareninsel Gran Canaria von Agaete im Nordwesten bis Las Palmas im Nordosten von schweren Regenf\u00e4llen verbunden mit Erdrutschen heimgesucht wurde, hat die Regierung der Kanarischen Insel gestern (22.10.2015) die Unwetterwarnung &#8222;Orange&#8220; wegen schweren Regenf\u00e4llen auf alle 7 Inseln ausgeweitet.<br \/>\nGestern Abend wurden z.B. bei Iza&ntilde;a auf Teneriffa bereits ca. 65 Liter Regen je Quadratmeter, 52 Liter am Nordflughafen von Teneriffa, 47 Liter in Santa Cruz de Tenerife und 46 Liter in Las Palmas de Gran Canaria gemessen.<br \/>\nDie Prognosen gehen von bis zu 30 Liter Regen je Quadratmeter am heutigen 23.10.2015 aus.<br \/>\nDas Bildungsministerium der Kanarischen Regierung hat f\u00fcr Freitagvormittag den Unterricht in den Schulen und Hochschulen wegen des Niederschlagsalarms ausgesetzt.<br \/>\nIn Santa Cruz haben die Regenf\u00e4lle zu Stra\u00dfensperrungen, Erdrutschen, \u00fcbergelaufener Kanalisation und auch zu Verw\u00fcstungen in mehreren Schulen gef\u00fchrt.<\/p>\n<p>Am vergangenen Dienstag gingen schwere Regenf\u00e4lle im Norden von Gran Canaria nieder. In der Hauptstadt Las Palmas wurden zahlreiche Stra\u00dfen und Gesch\u00e4fte von den Regenmassen \u00fcberflutet. Das Wasser schoss teilweise durch die engen Gassen bergab.<br \/>\nIm Bereich Agaete, Galdar und Guia waren einige Stra\u00dfen gesperrt. Die Feuerwehren in den Orten im Norden waren auch am Mittwoch noch im Dauereinsatz.<\/p>\n<p><a href=\"https:\/\/www.youtube.com\/watch?v=9gb5yaAaEfU\" target=\"_blank\">https:\/\/www.youtube.com\/watch?v=9gb5yaAaEfU<\/a><br \/>\n<a href=\"https:\/\/www.youtube.com\/watch?v=fIFiage1alE\" target=\"_blank\">https:\/\/www.youtube.com\/watch?v=fIFiage1alE<\/a><\/p>\n<p>Schon in der Woche zuvor gab es schwere Regenf\u00e4lle auf Gran Canaria, auch im sonst so sonnenverw\u00f6hnten S\u00fcden der Insel. <\/p>\n<p><a href=\"https:\/\/www.youtube.com\/watch?v=qZfD-5-4FXo\" target=\"_blank\">https:\/\/www.youtube.com\/watch?v=qZfD-5-4FXo<\/a><\/p>\n","protected":false},"excerpt":{"rendered":"<p>Nachdem in den vergangenen Tagen schon der Norden der Kanareninsel Gran Canaria von Agaete im Nordwesten bis Las Palmas im Nordosten von schweren Regenf\u00e4llen verbunden mit Erdrutschen heimgesucht wurde, hat die Regierung der Kanarischen Insel gestern (22.10.2015) die Unwetterwarnung &#8222;Orange&#8220; wegen schweren Regenf\u00e4llen auf alle 7 Inseln ausgeweitet. Gestern Abend wurden z.B. bei Iza&ntilde;a auf [&hellip;]<\/p>\n","protected":false},"author":1,"featured_media":0,"comment_status":"open","ping_status":"open","sticky":false,"template":"","format":"standard","meta":{"footnotes":""},"categories":[11],"tags":[70,71,69],"class_list":["post-2880","post","type-post","status-publish","format-standard","hentry","category-wetter","tag-kanaren","tag-regen","tag-unwetter"],"_links":{"self":[{"href":"https:\/\/www.kanaren-virtuell.de\/news\/wp-json\/wp\/v2\/posts\/2880","targetHints":{"allow":["GET"]}}],"collection":[{"href":"https:\/\/www.kanaren-virtuell.de\/news\/wp-json\/wp\/v2\/posts"}],"about":[{"href":"https:\/\/www.kanaren-virtuell.de\/news\/wp-json\/wp\/v2\/types\/post"}],"author":[{"embeddable":true,"href":"https:\/\/www.kanaren-virtuell.de\/news\/wp-json\/wp\/v2\/users\/1"}],"replies":[{"embeddable":true,"href":"https:\/\/www.kanaren-virtuell.de\/news\/wp-json\/wp\/v2\/comments?post=2880"}],"version-history":[{"count":1,"href":"https:\/\/www.kanaren-virtuell.de\/news\/wp-json\/wp\/v2\/posts\/2880\/revisions"}],"predecessor-version":[{"id":2881,"href":"https:\/\/www.kanaren-virtuell.de\/news\/wp-json\/wp\/v2\/posts\/2880\/revisions\/2881"}],"wp:attachment":[{"href":"https:\/\/www.kanaren-virtuell.de\/news\/wp-json\/wp\/v2\/media?parent=2880"}],"wp:term":[{"taxonomy":"category","embeddable":true,"href":"https:\/\/www.kanaren-virtuell.de\/news\/wp-json\/wp\/v2\/categories?post=2880"},{"taxonomy":"post_tag","embeddable":true,"href":"https:\/\/www.kanaren-virtuell.de\/news\/wp-json\/wp\/v2\/tags?post=2880"}],"curies":[{"name":"wp","href":"https:\/\/api.w.org\/{rel}","templated":true}]}}