{"id":2896,"date":"2015-10-24T08:37:41","date_gmt":"2015-10-24T06:37:41","guid":{"rendered":"http:\/\/www.kanaren-virtuell.de\/news\/?p=2896"},"modified":"2015-10-24T10:00:47","modified_gmt":"2015-10-24T08:00:47","slug":"infos-zum-unwetter-auf-den-kanaren","status":"publish","type":"post","link":"https:\/\/www.kanaren-virtuell.de\/news\/infos-zum-unwetter-auf-den-kanaren\/","title":{"rendered":"Infos zum Unwetter auf den Kanaren"},"content":{"rendered":"<p>Nach sonnigem Morgen gab es am Freitag auf Gran Canaria starke Regenf\u00e4lle.<br \/>\nBesonders betroffen waren Las Palmas und die Gemeinde Telde.<br \/>\n\u00dcberschwemmungen, Erdrutsche  und weitere mit dem Unwetter verbundene Ereignisse behinderten das \u00f6ffentliche Leben.<br \/>\nIn der Gemeinde Telde wurde sogar die Stufe 1 des Notfallplanes aktiviert.<\/p>\n<p><a href=\"https:\/\/youtu.be\/rNmQjhzXNy8\" target=\"_blank\">https:\/\/youtu.be\/rNmQjhzXNy8<\/a><br \/>\n<a href=\"https:\/\/youtu.be\/k2cpjMxuzHM\" target=\"_blank\">https:\/\/youtu.be\/k2cpjMxuzHM<\/a> &#8211; Telde<\/p>\n<p>Sogar eine Wasserhose wurde vor der K\u00fcste von Playa del Ingles beobachtet. 23.10.2015<br \/>\n<a href=\"https:\/\/youtu.be\/JKL_GHIL_X8\" target=\"_blank\">https:\/\/youtu.be\/JKL_GHIL_X8<\/a><br \/>\n<a href=\"https:\/\/youtu.be\/HFjIt3N7NKo\" target=\"_blank\">https:\/\/youtu.be\/HFjIt3N7NKo<\/a><br \/>\n<a href=\"https:\/\/youtu.be\/_9LsBXbFG0U\" target=\"_blank\">https:\/\/youtu.be\/_9LsBXbFG0U<\/a><br \/>\n<a href=\"https:\/\/youtu.be\/wQ2alG1mba4\" target=\"_blank\">https:\/\/youtu.be\/wQ2alG1mba4<\/a><\/p>\n<p>Auf Fuerteventura gibt es Behinderungen auf der FV-1 im Bereich der D\u00fcnen von Corralejo. <\/p>\n<p>Auf Teneriffa wurde die Zufahrtsstra\u00dfe zum Punta de Teno vorsichtshalber gesperrt.<br \/>\nBei Regen treten hier immer wieder Steinschl\u00e4ge auf.<\/p>\n<p>Laut AEMET gilt die Wetterwarnung auch f\u00fcr dieses Wochenende.<\/p>\n<p>### Update 24.10.2015 , 10:00 ###<br \/>\nMomentan hat sich die Wetterlage auf den Inseln beruhigt. Oft ist es sonnig bzw. leicht bew\u00f6lkt. Bereits in der Nacht haben die Regenf\u00e4lle auf Gran Canaria nachgelassen.<\/p>\n","protected":false},"excerpt":{"rendered":"<p>Nach sonnigem Morgen gab es am Freitag auf Gran Canaria starke Regenf\u00e4lle. Besonders betroffen waren Las Palmas und die Gemeinde Telde. \u00dcberschwemmungen, Erdrutsche und weitere mit dem Unwetter verbundene Ereignisse behinderten das \u00f6ffentliche Leben. In der Gemeinde Telde wurde sogar die Stufe 1 des Notfallplanes aktiviert. https:\/\/youtu.be\/rNmQjhzXNy8 https:\/\/youtu.be\/k2cpjMxuzHM &#8211; Telde Sogar eine Wasserhose wurde vor [&hellip;]<\/p>\n","protected":false},"author":1,"featured_media":0,"comment_status":"open","ping_status":"open","sticky":false,"template":"","format":"standard","meta":{"footnotes":""},"categories":[11],"tags":[70,71,69],"class_list":["post-2896","post","type-post","status-publish","format-standard","hentry","category-wetter","tag-kanaren","tag-regen","tag-unwetter"],"_links":{"self":[{"href":"https:\/\/www.kanaren-virtuell.de\/news\/wp-json\/wp\/v2\/posts\/2896","targetHints":{"allow":["GET"]}}],"collection":[{"href":"https:\/\/www.kanaren-virtuell.de\/news\/wp-json\/wp\/v2\/posts"}],"about":[{"href":"https:\/\/www.kanaren-virtuell.de\/news\/wp-json\/wp\/v2\/types\/post"}],"author":[{"embeddable":true,"href":"https:\/\/www.kanaren-virtuell.de\/news\/wp-json\/wp\/v2\/users\/1"}],"replies":[{"embeddable":true,"href":"https:\/\/www.kanaren-virtuell.de\/news\/wp-json\/wp\/v2\/comments?post=2896"}],"version-history":[{"count":3,"href":"https:\/\/www.kanaren-virtuell.de\/news\/wp-json\/wp\/v2\/posts\/2896\/revisions"}],"predecessor-version":[{"id":2899,"href":"https:\/\/www.kanaren-virtuell.de\/news\/wp-json\/wp\/v2\/posts\/2896\/revisions\/2899"}],"wp:attachment":[{"href":"https:\/\/www.kanaren-virtuell.de\/news\/wp-json\/wp\/v2\/media?parent=2896"}],"wp:term":[{"taxonomy":"category","embeddable":true,"href":"https:\/\/www.kanaren-virtuell.de\/news\/wp-json\/wp\/v2\/categories?post=2896"},{"taxonomy":"post_tag","embeddable":true,"href":"https:\/\/www.kanaren-virtuell.de\/news\/wp-json\/wp\/v2\/tags?post=2896"}],"curies":[{"name":"wp","href":"https:\/\/api.w.org\/{rel}","templated":true}]}}