{"id":3004,"date":"2016-01-12T17:56:46","date_gmt":"2016-01-12T15:56:46","guid":{"rendered":"http:\/\/www.kanaren-virtuell.de\/news\/?p=3004"},"modified":"2016-01-18T18:23:29","modified_gmt":"2016-01-18T16:23:29","slug":"teneriffa-fiesta-de-san-sebastian-in-adeje","status":"publish","type":"post","link":"https:\/\/www.kanaren-virtuell.de\/news\/teneriffa-fiesta-de-san-sebastian-in-adeje\/","title":{"rendered":"Teneriffa &#8211; Fiesta de San Sebastian in Adeje"},"content":{"rendered":"<p>Das Weihnachtsfest ist zwar gerade erst vorbei, doch auch auf den Kanaren gibt es immer wieder Gr\u00fcnde zum Feiern. Am 20. Januar wird beispielsweise in der Gemeinde <a href=\"http:\/\/www.kanaren-virtuell.de\/teneriffa_2\/orte\/adeje.htm\">Adeje<\/a> auf Teneriffa die Fiesta de San Sebastian gefeiert, bei der der Schutzpatron des Ortes geehrt wird. In der kleinen Kapelle von Adeje und an der Playa la Enramada finden die gro\u00dfen Feierlichkeiten statt. <\/p>\n<p>Auch in diesem Jahr werden Tausende Besucher in Adeje an der S\u00fcdk\u00fcste Teneriffas erwartet. Um 12 Uhr soll die Festmesse beginnen, gleich danach folgt eine feierliche Prozession. Zur Fiesta kommen auch zahlreiche Reiter, die mit ihren Pferden an der Playa la Enramada ins k\u00fchle Nass reiten und den Zuschauern ein gro\u00dfes Vergn\u00fcgen bereiten. <\/p>\n","protected":false},"excerpt":{"rendered":"<p>Das Weihnachtsfest ist zwar gerade erst vorbei, doch auch auf den Kanaren gibt es immer wieder Gr\u00fcnde zum Feiern. Am 20. Januar wird beispielsweise in der Gemeinde Adeje auf Teneriffa die Fiesta de San Sebastian gefeiert, bei der der Schutzpatron des Ortes geehrt wird. In der kleinen Kapelle von Adeje und an der Playa la [&hellip;]<\/p>\n","protected":false},"author":2,"featured_media":0,"comment_status":"open","ping_status":"open","sticky":false,"template":"","format":"standard","meta":{"footnotes":""},"categories":[2,22],"tags":[],"class_list":["post-3004","post","type-post","status-publish","format-standard","hentry","category-teneriffa","category-veranstaltungen"],"_links":{"self":[{"href":"https:\/\/www.kanaren-virtuell.de\/news\/wp-json\/wp\/v2\/posts\/3004","targetHints":{"allow":["GET"]}}],"collection":[{"href":"https:\/\/www.kanaren-virtuell.de\/news\/wp-json\/wp\/v2\/posts"}],"about":[{"href":"https:\/\/www.kanaren-virtuell.de\/news\/wp-json\/wp\/v2\/types\/post"}],"author":[{"embeddable":true,"href":"https:\/\/www.kanaren-virtuell.de\/news\/wp-json\/wp\/v2\/users\/2"}],"replies":[{"embeddable":true,"href":"https:\/\/www.kanaren-virtuell.de\/news\/wp-json\/wp\/v2\/comments?post=3004"}],"version-history":[{"count":2,"href":"https:\/\/www.kanaren-virtuell.de\/news\/wp-json\/wp\/v2\/posts\/3004\/revisions"}],"predecessor-version":[{"id":3013,"href":"https:\/\/www.kanaren-virtuell.de\/news\/wp-json\/wp\/v2\/posts\/3004\/revisions\/3013"}],"wp:attachment":[{"href":"https:\/\/www.kanaren-virtuell.de\/news\/wp-json\/wp\/v2\/media?parent=3004"}],"wp:term":[{"taxonomy":"category","embeddable":true,"href":"https:\/\/www.kanaren-virtuell.de\/news\/wp-json\/wp\/v2\/categories?post=3004"},{"taxonomy":"post_tag","embeddable":true,"href":"https:\/\/www.kanaren-virtuell.de\/news\/wp-json\/wp\/v2\/tags?post=3004"}],"curies":[{"name":"wp","href":"https:\/\/api.w.org\/{rel}","templated":true}]}}