{"id":3006,"date":"2016-01-13T14:06:04","date_gmt":"2016-01-13T12:06:04","guid":{"rendered":"http:\/\/www.kanaren-virtuell.de\/news\/?p=3006"},"modified":"2016-01-13T14:06:04","modified_gmt":"2016-01-13T12:06:04","slug":"tuifly-hat-guenstige-kanarenfluege-im-angebot","status":"publish","type":"post","link":"https:\/\/www.kanaren-virtuell.de\/news\/tuifly-hat-guenstige-kanarenfluege-im-angebot\/","title":{"rendered":"Tuifly hat g\u00fcnstige Kanarenfl\u00fcge im Angebot"},"content":{"rendered":"<p>Egal, zu welcher Jahreszeit, die Kanarischen Inseln eignen sich sowohl im Fr\u00fchling und Sommer als auch im Herbst und Winter als perfektes Reiseziel. Fr\u00fchlingshafte Temperaturen, einladende Ferienorte und ein \u00e4u\u00dferst vielseitiges Kultur-, Sport- und Freizeitangebot lassen keine W\u00fcnsche offen. Tuifly hat zurzeit preiswerte Fl\u00fcge auf die Kanaren im Angebot. Die folgenden Preise gelten f\u00fcr den Hin- und R\u00fcckflug inklusive Steuern und Geb\u00fchren. <\/p>\n<p>F\u00fcr einen Flug von D\u00fcsseldorf nach Fuerteventura und zur\u00fcck werden bei Tuifly ab 139,98 Euro f\u00e4llig. Von Stuttgart nach Teneriffa geht es ebenfalls ab 139,98 Euro pro Person. Weitere Details und Angebote finden sich auf tuifly.com. <\/p>\n","protected":false},"excerpt":{"rendered":"<p>Egal, zu welcher Jahreszeit, die Kanarischen Inseln eignen sich sowohl im Fr\u00fchling und Sommer als auch im Herbst und Winter als perfektes Reiseziel. Fr\u00fchlingshafte Temperaturen, einladende Ferienorte und ein \u00e4u\u00dferst vielseitiges Kultur-, Sport- und Freizeitangebot lassen keine W\u00fcnsche offen. Tuifly hat zurzeit preiswerte Fl\u00fcge auf die Kanaren im Angebot. Die folgenden Preise gelten f\u00fcr den [&hellip;]<\/p>\n","protected":false},"author":2,"featured_media":0,"comment_status":"open","ping_status":"open","sticky":false,"template":"","format":"standard","meta":{"footnotes":""},"categories":[9],"tags":[],"class_list":["post-3006","post","type-post","status-publish","format-standard","hentry","category-flug"],"_links":{"self":[{"href":"https:\/\/www.kanaren-virtuell.de\/news\/wp-json\/wp\/v2\/posts\/3006","targetHints":{"allow":["GET"]}}],"collection":[{"href":"https:\/\/www.kanaren-virtuell.de\/news\/wp-json\/wp\/v2\/posts"}],"about":[{"href":"https:\/\/www.kanaren-virtuell.de\/news\/wp-json\/wp\/v2\/types\/post"}],"author":[{"embeddable":true,"href":"https:\/\/www.kanaren-virtuell.de\/news\/wp-json\/wp\/v2\/users\/2"}],"replies":[{"embeddable":true,"href":"https:\/\/www.kanaren-virtuell.de\/news\/wp-json\/wp\/v2\/comments?post=3006"}],"version-history":[{"count":1,"href":"https:\/\/www.kanaren-virtuell.de\/news\/wp-json\/wp\/v2\/posts\/3006\/revisions"}],"predecessor-version":[{"id":3007,"href":"https:\/\/www.kanaren-virtuell.de\/news\/wp-json\/wp\/v2\/posts\/3006\/revisions\/3007"}],"wp:attachment":[{"href":"https:\/\/www.kanaren-virtuell.de\/news\/wp-json\/wp\/v2\/media?parent=3006"}],"wp:term":[{"taxonomy":"category","embeddable":true,"href":"https:\/\/www.kanaren-virtuell.de\/news\/wp-json\/wp\/v2\/categories?post=3006"},{"taxonomy":"post_tag","embeddable":true,"href":"https:\/\/www.kanaren-virtuell.de\/news\/wp-json\/wp\/v2\/tags?post=3006"}],"curies":[{"name":"wp","href":"https:\/\/api.w.org\/{rel}","templated":true}]}}