{"id":3027,"date":"2016-01-29T20:06:44","date_gmt":"2016-01-29T18:06:44","guid":{"rendered":"http:\/\/www.kanaren-virtuell.de\/news\/?p=3027"},"modified":"2016-02-04T18:57:36","modified_gmt":"2016-02-04T16:57:36","slug":"carnaval-blanco-einzigartige-faschings-erlebnisse-auf-la-palma","status":"publish","type":"post","link":"https:\/\/www.kanaren-virtuell.de\/news\/carnaval-blanco-einzigartige-faschings-erlebnisse-auf-la-palma\/","title":{"rendered":"\u201eCarnaval Blanco\u201c \u2013 Einzigartige Faschings-Erlebnisse auf La Palma"},"content":{"rendered":"<p>\u201cDie Ankunft der Indianos\u201c (Dia de los Indianos) am Rosenmontag bildet eines der gro\u00dfen Highlights des j\u00e4hrlichen Karnevals auf der <a href=\"http:\/\/www.kanaren-virtuell.de\/la-palma\/\">Kanareninsel La Palma<\/a>. Sie legen mit Schiffen am Hafen von Santa Cruz an und erinnern an die einstigen R\u00fcckkehrer aus den Kolonien. Ganz in wei\u00df gekleidet ziehen die \u201eKolonialherren\u201c dann, begleitet von tropischen Kl\u00e4ngen, durch La Palmas Stra\u00dfen. Dort werden sie von den wartenden Menschen mit einer wahren Puderschlacht begr\u00fc\u00dft. <\/p>\n<p>Zudem erfreuen sich die gro\u00dfen Per\u00fcckenfeste auf La Palma allgemeiner Beliebtheit. Prachtvolle Kost\u00fcme gibt es nat\u00fcrlich auch auf der K\u00f6niginnen-Gala in der Hauptstadt zu sehen. Der n\u00e4rrische Auftakt findet am 30. Januar ab 13 Uhr auf der Plaza de Espana statt. <\/p>\n","protected":false},"excerpt":{"rendered":"<p>\u201cDie Ankunft der Indianos\u201c (Dia de los Indianos) am Rosenmontag bildet eines der gro\u00dfen Highlights des j\u00e4hrlichen Karnevals auf der Kanareninsel La Palma. Sie legen mit Schiffen am Hafen von Santa Cruz an und erinnern an die einstigen R\u00fcckkehrer aus den Kolonien. Ganz in wei\u00df gekleidet ziehen die \u201eKolonialherren\u201c dann, begleitet von tropischen Kl\u00e4ngen, durch [&hellip;]<\/p>\n","protected":false},"author":2,"featured_media":0,"comment_status":"open","ping_status":"open","sticky":false,"template":"","format":"standard","meta":{"footnotes":""},"categories":[7,22],"tags":[],"class_list":["post-3027","post","type-post","status-publish","format-standard","hentry","category-la-palma","category-veranstaltungen"],"_links":{"self":[{"href":"https:\/\/www.kanaren-virtuell.de\/news\/wp-json\/wp\/v2\/posts\/3027","targetHints":{"allow":["GET"]}}],"collection":[{"href":"https:\/\/www.kanaren-virtuell.de\/news\/wp-json\/wp\/v2\/posts"}],"about":[{"href":"https:\/\/www.kanaren-virtuell.de\/news\/wp-json\/wp\/v2\/types\/post"}],"author":[{"embeddable":true,"href":"https:\/\/www.kanaren-virtuell.de\/news\/wp-json\/wp\/v2\/users\/2"}],"replies":[{"embeddable":true,"href":"https:\/\/www.kanaren-virtuell.de\/news\/wp-json\/wp\/v2\/comments?post=3027"}],"version-history":[{"count":2,"href":"https:\/\/www.kanaren-virtuell.de\/news\/wp-json\/wp\/v2\/posts\/3027\/revisions"}],"predecessor-version":[{"id":3037,"href":"https:\/\/www.kanaren-virtuell.de\/news\/wp-json\/wp\/v2\/posts\/3027\/revisions\/3037"}],"wp:attachment":[{"href":"https:\/\/www.kanaren-virtuell.de\/news\/wp-json\/wp\/v2\/media?parent=3027"}],"wp:term":[{"taxonomy":"category","embeddable":true,"href":"https:\/\/www.kanaren-virtuell.de\/news\/wp-json\/wp\/v2\/categories?post=3027"},{"taxonomy":"post_tag","embeddable":true,"href":"https:\/\/www.kanaren-virtuell.de\/news\/wp-json\/wp\/v2\/tags?post=3027"}],"curies":[{"name":"wp","href":"https:\/\/api.w.org\/{rel}","templated":true}]}}