{"id":3053,"date":"2016-02-18T19:19:13","date_gmt":"2016-02-18T17:19:13","guid":{"rendered":"http:\/\/www.kanaren-virtuell.de\/news\/?p=3053"},"modified":"2016-02-24T18:41:51","modified_gmt":"2016-02-24T16:41:51","slug":"schnee-wind-und-hohe-wellen","status":"publish","type":"post","link":"https:\/\/www.kanaren-virtuell.de\/news\/schnee-wind-und-hohe-wellen\/","title":{"rendered":"Schnee, Wind und hohe Wellen"},"content":{"rendered":"<p>In den H\u00f6henlagen von Gran Canaria hat es geschneit. Einige Stra\u00dfen, z.B. die Zufahrt zum Pozo de las Nieves (GC-134), wurden wegen Gl\u00e4tte gesperrt, schlie\u00dflich sind auf den Kanaren Winterreifen weitgehend unbekannt. Die Inselregierung, das Cabildo de Gran Canaria, warnte die Bev\u00f6lkerung vor den T\u00fccken von Schnee und Eis. Viele der Canarios wird das jedoch nicht davon abhalten, in die Berge zu fahren und viel Spa\u00df im Schnee zu haben. Allerdings sind die aktuellen Schneeh\u00f6hen doch recht sp\u00e4rlich.<\/p>\n<p>Auch auf Teneriffa hat es geschneit. Die Stra\u00dfe TF-24, Zufahrt zum Teide aus \u00f6stlicher Richtung, wurde ab der Kreuzung von Arafo bis nach El Portillo wegen Schneegl\u00e4tte gesperrt. Am Donnerstagmorgen war auch die TF-21 zwischen El Portillo und der Teide-Seilbahn gesperrt.<br \/>\nBis zu 64 Liter Regen fielen im Anagagebirge und es gab Sturm mit B\u00f6en von fast 100 km bei Iza\u00f1a auf 2300 Metern H\u00f6he.<\/p>\n<p>Am heutigen Donnerstag wurde die Wetterwarnstufe gelb f\u00fcr die Kanarischen Inseln ausgerufen. Starke Niederschl\u00e4ge, Wind bis 70 km\/h und an den K\u00fcsten Wellen bis zu 5 Metern werden erwartet. Die Schneefallgrenze sinkt auf Teneriffa und Gran Canaria auf ca. 1500 Meter.<\/p>\n<p>Schon die letzten Tage hielten so einige Wetterunbilden parat. Vor allem Wind und Regen tr\u00fcben das Fr\u00fchlingsfeeling auf den Inseln. Vor allen die Gegend um Gran Canarias Hauptstadt Las Palmas hat es erwischt.<\/p>\n<p>### Update 19.92.2016 , 7:30 ##################################<\/p>\n<p>Das oberer Bergland von <strong>Gran Canaria<\/strong> wurde am gestrigen Nachmittag nun noch weitr\u00e4umiger Abgesperrt. \u00d6rtliche Polizei und Guardia Civil sind im Einsatz. Die Erholungsgebiete im oberen Bergland wurden ger\u00e4umt.<br \/>\nDer Inselnotfallplan sieht die Schlie\u00dfung der Stra\u00dfen vom S\u00fcden her ab Ayacata, von Westen her ab Cruz de Tejeda, von Norden ab Camaretas vor.<br \/>\nDie Bev\u00f6lkerung und die Touristen wurden aufgefordert, nicht eigenm\u00e4chtig den gesperrten Bereich zu betreten oder zu befahren. Schnee und Eis erschweren gegebenenfalls notwendige Rettungsarbeiten.<\/p>\n<p><strong>Schnee, Erdrutsche, Unf\u00e4lle und \u00dcberschwemmungen auf Teneriffa<\/strong><br \/>\nSchwere Regenf\u00e4lle gab es in der Region um die Inselhauptstadt Santa Cruz und im Norden der Insel. Vor allem die Gegend um San Andres mit den Zufahrten nach Igueste de San Andr\u00e9s und ins Anagagebirge sind betroffen. Steinschlag und Schlamm behindert hier den Stra\u00dfenverkehr.<\/p>\n<p>Rund um den Teide fiel Schnee und im oberen Orotavaltal gingen Hagelschauer nieder. Zahlreiche Verkehrsunf\u00e4lle, \u00dcberschwemmungen und herabfallende \u00c4ste waren die Folge. In La Victoria brach eine St\u00fctzmauer an der Zufahrt zur Nordautobahn (TF-5) nahe der Schule Alfonso Fern\u00e1ndez Garc\u00eda zusammen.<br \/>\nZum Gl\u00fcck wurde niemand verletzt.<br \/>\nIn Puerto de la Cruz musste die Zufahrt zur Stadt in H\u00f6he Marti\u00e1nez gesperrt werden. Regenwasser, Erde und Steine vom angrenzenden Steilhang machten die Stra\u00dfe teilweise unpassierbar.<\/p>\n<p><strong>La Palma<\/strong><br \/>\nDie Zufahrten zum Roque de los Muchachos mussten geschlossen werden. Verschiedene Stra\u00dfen und Wege im Bereich des Nationalparks mussten ebenfalls geschlossen werden. Regen bis 36 Liter pro Quadratmeter und Windb\u00f6en bis zu 7 km\/h wurden auf La Palma gemessen.<\/p>\n<p>Auch am heutigen Freitag muss auf den Kanaren mit Regen, starkem Wind und in den H\u00f6henlagen von Teneriffa, Gran Canaria und La Palma mit Schneefall gerechnet werden.<\/p>\n<p>### Update 19.02.2016 , 15:30 ##############################<\/p>\n<p>Die Zufahrten zum Teide-Nationalpark sind weiterhin gesperrt. Es ist sehr fraglich, ob diese am Wochenende ge\u00f6ffnet werden. Sobald ein sicherer Zugang zu den mit Schnee und Eis bedeckten Bergregionen m\u00f6glich ist, will man den Inselbewohnern das nicht allt\u00e4gliche Erlebnis erm\u00f6glichen.<\/p>\n","protected":false},"excerpt":{"rendered":"<p>In den H\u00f6henlagen von Gran Canaria hat es geschneit. Einige Stra\u00dfen, z.B. die Zufahrt zum Pozo de las Nieves (GC-134), wurden wegen Gl\u00e4tte gesperrt, schlie\u00dflich sind auf den Kanaren Winterreifen weitgehend unbekannt. Die Inselregierung, das Cabildo de Gran Canaria, warnte die Bev\u00f6lkerung vor den T\u00fccken von Schnee und Eis. Viele der Canarios wird das jedoch [&hellip;]<\/p>\n","protected":false},"author":1,"featured_media":0,"comment_status":"open","ping_status":"open","sticky":false,"template":"","format":"standard","meta":{"footnotes":""},"categories":[11],"tags":[],"class_list":["post-3053","post","type-post","status-publish","format-standard","hentry","category-wetter"],"_links":{"self":[{"href":"https:\/\/www.kanaren-virtuell.de\/news\/wp-json\/wp\/v2\/posts\/3053","targetHints":{"allow":["GET"]}}],"collection":[{"href":"https:\/\/www.kanaren-virtuell.de\/news\/wp-json\/wp\/v2\/posts"}],"about":[{"href":"https:\/\/www.kanaren-virtuell.de\/news\/wp-json\/wp\/v2\/types\/post"}],"author":[{"embeddable":true,"href":"https:\/\/www.kanaren-virtuell.de\/news\/wp-json\/wp\/v2\/users\/1"}],"replies":[{"embeddable":true,"href":"https:\/\/www.kanaren-virtuell.de\/news\/wp-json\/wp\/v2\/comments?post=3053"}],"version-history":[{"count":7,"href":"https:\/\/www.kanaren-virtuell.de\/news\/wp-json\/wp\/v2\/posts\/3053\/revisions"}],"predecessor-version":[{"id":3067,"href":"https:\/\/www.kanaren-virtuell.de\/news\/wp-json\/wp\/v2\/posts\/3053\/revisions\/3067"}],"wp:attachment":[{"href":"https:\/\/www.kanaren-virtuell.de\/news\/wp-json\/wp\/v2\/media?parent=3053"}],"wp:term":[{"taxonomy":"category","embeddable":true,"href":"https:\/\/www.kanaren-virtuell.de\/news\/wp-json\/wp\/v2\/categories?post=3053"},{"taxonomy":"post_tag","embeddable":true,"href":"https:\/\/www.kanaren-virtuell.de\/news\/wp-json\/wp\/v2\/tags?post=3053"}],"curies":[{"name":"wp","href":"https:\/\/api.w.org\/{rel}","templated":true}]}}