{"id":3083,"date":"2016-02-21T14:23:34","date_gmt":"2016-02-21T12:23:34","guid":{"rendered":"http:\/\/www.kanaren-virtuell.de\/news\/?p=3083"},"modified":"2016-02-21T19:30:30","modified_gmt":"2016-02-21T17:30:30","slug":"gran-canaria-erste-strassen-in-die-gipfelregion-geoeffnet","status":"publish","type":"post","link":"https:\/\/www.kanaren-virtuell.de\/news\/gran-canaria-erste-strassen-in-die-gipfelregion-geoeffnet\/","title":{"rendered":"Gran Canaria: Erste Stra\u00dfen in die Gipfelregion ge\u00f6ffnet"},"content":{"rendered":"<p>Die Stra\u00dfen in die Gipfelregionen des Berglandes von Gran Canaria wurden am heutigen Sonntag nach den Schneef\u00e4llen der letzten Tage wieder ge\u00f6ffnet. Damit will man der Bev\u00f6lkerung erm\u00f6glichen, das Erlebnis Schnee zu genie\u00dfen.<br \/>\nDie Mitarbeiter der zust\u00e4ndigen Beh\u00f6rden haben unerm\u00fcdlich gearbeitet, um die vor einigen Tagen verf\u00fcgte Sperrung zumindest teilweise aufheben zu k\u00f6nnen.<br \/>\nVorerst wird die Zufahrt von Valleseco und Pinos de G\u00e1ldar in Richtung Cruz de Tejeda erm\u00f6glicht. Man arbeitet weiterhin intensiv daran, weitere Zug\u00e4nge ins Bergland zu \u00f6ffnen.<\/p>\n<p>Die Inselregierung dankt allen, die sich in den letzten Tagen an die Sperrverf\u00fcgung gehalten haben.<br \/>\nEinige Unbelehrbare haben die Sperrungen ignoriert und haben damit die Arbeit der Rettungskr\u00e4fte und des Schneepflugs behindert. Es gab auch einige Autofahrer, die im Schnee steckenblieben und die Nacht in ihrem Auto verbringen mussten.<br \/>\n(Quelle: canarias7.es)<\/p>\n<p>Eine Fotogalerie zum Thema Schnee auf Gran Canaria gibt es auf laopinion.es:<br \/>\n<a href=\"http:\/\/www.laopinion.es\/multimedia\/fotos\/sociedad\/2016-02-19-41056-temporal-lluvia-nieve-canarias.html\" target=\"_blank\">http:\/\/www.laopinion.es\/multimedia\/fotos\/sociedad\/2016-02-19-41056-temporal-lluvia-nieve-canarias.html<\/a><\/p>\n","protected":false},"excerpt":{"rendered":"<p>Die Stra\u00dfen in die Gipfelregionen des Berglandes von Gran Canaria wurden am heutigen Sonntag nach den Schneef\u00e4llen der letzten Tage wieder ge\u00f6ffnet. Damit will man der Bev\u00f6lkerung erm\u00f6glichen, das Erlebnis Schnee zu genie\u00dfen. Die Mitarbeiter der zust\u00e4ndigen Beh\u00f6rden haben unerm\u00fcdlich gearbeitet, um die vor einigen Tagen verf\u00fcgte Sperrung zumindest teilweise aufheben zu k\u00f6nnen. Vorerst wird [&hellip;]<\/p>\n","protected":false},"author":1,"featured_media":0,"comment_status":"open","ping_status":"open","sticky":false,"template":"","format":"standard","meta":{"footnotes":""},"categories":[4,11],"tags":[],"class_list":["post-3083","post","type-post","status-publish","format-standard","hentry","category-gran-canaria","category-wetter"],"_links":{"self":[{"href":"https:\/\/www.kanaren-virtuell.de\/news\/wp-json\/wp\/v2\/posts\/3083","targetHints":{"allow":["GET"]}}],"collection":[{"href":"https:\/\/www.kanaren-virtuell.de\/news\/wp-json\/wp\/v2\/posts"}],"about":[{"href":"https:\/\/www.kanaren-virtuell.de\/news\/wp-json\/wp\/v2\/types\/post"}],"author":[{"embeddable":true,"href":"https:\/\/www.kanaren-virtuell.de\/news\/wp-json\/wp\/v2\/users\/1"}],"replies":[{"embeddable":true,"href":"https:\/\/www.kanaren-virtuell.de\/news\/wp-json\/wp\/v2\/comments?post=3083"}],"version-history":[{"count":7,"href":"https:\/\/www.kanaren-virtuell.de\/news\/wp-json\/wp\/v2\/posts\/3083\/revisions"}],"predecessor-version":[{"id":3095,"href":"https:\/\/www.kanaren-virtuell.de\/news\/wp-json\/wp\/v2\/posts\/3083\/revisions\/3095"}],"wp:attachment":[{"href":"https:\/\/www.kanaren-virtuell.de\/news\/wp-json\/wp\/v2\/media?parent=3083"}],"wp:term":[{"taxonomy":"category","embeddable":true,"href":"https:\/\/www.kanaren-virtuell.de\/news\/wp-json\/wp\/v2\/categories?post=3083"},{"taxonomy":"post_tag","embeddable":true,"href":"https:\/\/www.kanaren-virtuell.de\/news\/wp-json\/wp\/v2\/tags?post=3083"}],"curies":[{"name":"wp","href":"https:\/\/api.w.org\/{rel}","templated":true}]}}