{"id":3100,"date":"2016-02-22T20:53:37","date_gmt":"2016-02-22T18:53:37","guid":{"rendered":"http:\/\/www.kanaren-virtuell.de\/news\/?p=3100"},"modified":"2016-02-27T08:54:32","modified_gmt":"2016-02-27T06:54:32","slug":"plaene-fuer-ein-luxus-hotel-am-strand-von-la-tejita","status":"publish","type":"post","link":"https:\/\/www.kanaren-virtuell.de\/news\/plaene-fuer-ein-luxus-hotel-am-strand-von-la-tejita\/","title":{"rendered":"Pl\u00e4ne f\u00fcr ein Luxus-Hotel am Strand von La Tejita"},"content":{"rendered":"<p>Der <a href=\"http:\/\/www.kanaren-virtuell.de\/teneriffa_2\/strand\/tejita.htm\">Strand von La Tejita<\/a> erfreut sich vor allem bei Naturliebhabern auf Teneriffa gro\u00dfer Beliebtheit. Der nat\u00fcrliche Sandstrand f\u00e4llt flach ab und ist somit geradezu pr\u00e4destiniert f\u00fcr Badespa\u00df mit der ganzen Familie. Der nahegelegene Montana Roja komplettiert die idyllische Kulisse, die k\u00fcnftig allerdings empfindlich gest\u00f6rt werden k\u00f6nnte, denn aktuellen Medienberichten zufolge, soll am Strand von La Tejita ein Luxus-Hotel entstehen. <\/p>\n<p>Unmittelbar an der Playa de La Tejita in Granadilla de Abona soll demnach ein 5-Sterne-Hotel entstehen. Dass diese Pl\u00e4ne h\u00f6chst umstritten sind und bei vielen Einheimischen auf wenig Gegenliebe sto\u00dfen, ist nicht verwunderlich. So soll am 27. Februar 2016 eine Demonstration gegen das Vorhaben stattfinden. <\/p>\n<p><img decoding=\"async\" src=\"http:\/\/www.kanaren-virtuell.de\/teneriffa_2\/bilder-fotos\/playa-tejita-tf15_0944.jpg\" alt=\"Playa de la Tejita\" \/><BR>Playa de la Tejita vom Monta&ntilde;a Roja aus gesehen<\/p>\n","protected":false},"excerpt":{"rendered":"<p>Der Strand von La Tejita erfreut sich vor allem bei Naturliebhabern auf Teneriffa gro\u00dfer Beliebtheit. Der nat\u00fcrliche Sandstrand f\u00e4llt flach ab und ist somit geradezu pr\u00e4destiniert f\u00fcr Badespa\u00df mit der ganzen Familie. Der nahegelegene Montana Roja komplettiert die idyllische Kulisse, die k\u00fcnftig allerdings empfindlich gest\u00f6rt werden k\u00f6nnte, denn aktuellen Medienberichten zufolge, soll am Strand von [&hellip;]<\/p>\n","protected":false},"author":2,"featured_media":0,"comment_status":"open","ping_status":"open","sticky":false,"template":"","format":"standard","meta":{"footnotes":""},"categories":[2],"tags":[],"class_list":["post-3100","post","type-post","status-publish","format-standard","hentry","category-teneriffa"],"_links":{"self":[{"href":"https:\/\/www.kanaren-virtuell.de\/news\/wp-json\/wp\/v2\/posts\/3100","targetHints":{"allow":["GET"]}}],"collection":[{"href":"https:\/\/www.kanaren-virtuell.de\/news\/wp-json\/wp\/v2\/posts"}],"about":[{"href":"https:\/\/www.kanaren-virtuell.de\/news\/wp-json\/wp\/v2\/types\/post"}],"author":[{"embeddable":true,"href":"https:\/\/www.kanaren-virtuell.de\/news\/wp-json\/wp\/v2\/users\/2"}],"replies":[{"embeddable":true,"href":"https:\/\/www.kanaren-virtuell.de\/news\/wp-json\/wp\/v2\/comments?post=3100"}],"version-history":[{"count":3,"href":"https:\/\/www.kanaren-virtuell.de\/news\/wp-json\/wp\/v2\/posts\/3100\/revisions"}],"predecessor-version":[{"id":3134,"href":"https:\/\/www.kanaren-virtuell.de\/news\/wp-json\/wp\/v2\/posts\/3100\/revisions\/3134"}],"wp:attachment":[{"href":"https:\/\/www.kanaren-virtuell.de\/news\/wp-json\/wp\/v2\/media?parent=3100"}],"wp:term":[{"taxonomy":"category","embeddable":true,"href":"https:\/\/www.kanaren-virtuell.de\/news\/wp-json\/wp\/v2\/categories?post=3100"},{"taxonomy":"post_tag","embeddable":true,"href":"https:\/\/www.kanaren-virtuell.de\/news\/wp-json\/wp\/v2\/tags?post=3100"}],"curies":[{"name":"wp","href":"https:\/\/api.w.org\/{rel}","templated":true}]}}