{"id":322,"date":"2010-02-01T16:19:38","date_gmt":"2010-02-01T14:19:38","guid":{"rendered":"http:\/\/www.kanaren-virtuell.de\/news\/?p=322"},"modified":"2013-10-15T16:20:09","modified_gmt":"2013-10-15T14:20:09","slug":"gran-canaria-strassen-wegen-ueberflutungen-gesperrt","status":"publish","type":"post","link":"https:\/\/www.kanaren-virtuell.de\/news\/gran-canaria-strassen-wegen-ueberflutungen-gesperrt\/","title":{"rendered":"Gran Canaria: Stra\u00dfen wegen \u00dcberflutungen gesperrt"},"content":{"rendered":"<p>Diese Stra\u00dfen sind f\u00fcr den Verkehr gesperrt: GC-200 (La Aldea-Agaete) und GC-210 (Tejeda-Artenara) und GC-500 (Mogan-La Aldea) Viele der sonst trockenen Barrancos f\u00fchren momentan Wasser und es muss dadurch an einigen Schwerpunkten mit Verkehrsbeeintr\u00e4chtigungen gerechnet werden. Der Regen soll lt. AEMET mindestens noch bis Dienstag anhalten. Die Intensit\u00e4t soll allerdings nachlassen.<\/p>\n","protected":false},"excerpt":{"rendered":"<p>Diese Stra\u00dfen sind f\u00fcr den Verkehr gesperrt: GC-200 (La Aldea-Agaete) und GC-210 (Tejeda-Artenara) und GC-500 (Mogan-La Aldea) Viele der sonst trockenen Barrancos f\u00fchren momentan Wasser und es muss dadurch an einigen Schwerpunkten mit Verkehrsbeeintr\u00e4chtigungen gerechnet werden. Der Regen soll lt. AEMET mindestens noch bis Dienstag anhalten. Die Intensit\u00e4t soll allerdings nachlassen.<\/p>\n","protected":false},"author":1,"featured_media":0,"comment_status":"open","ping_status":"open","sticky":false,"template":"","format":"standard","meta":{"footnotes":""},"categories":[4,11],"tags":[],"class_list":["post-322","post","type-post","status-publish","format-standard","hentry","category-gran-canaria","category-wetter"],"_links":{"self":[{"href":"https:\/\/www.kanaren-virtuell.de\/news\/wp-json\/wp\/v2\/posts\/322","targetHints":{"allow":["GET"]}}],"collection":[{"href":"https:\/\/www.kanaren-virtuell.de\/news\/wp-json\/wp\/v2\/posts"}],"about":[{"href":"https:\/\/www.kanaren-virtuell.de\/news\/wp-json\/wp\/v2\/types\/post"}],"author":[{"embeddable":true,"href":"https:\/\/www.kanaren-virtuell.de\/news\/wp-json\/wp\/v2\/users\/1"}],"replies":[{"embeddable":true,"href":"https:\/\/www.kanaren-virtuell.de\/news\/wp-json\/wp\/v2\/comments?post=322"}],"version-history":[{"count":1,"href":"https:\/\/www.kanaren-virtuell.de\/news\/wp-json\/wp\/v2\/posts\/322\/revisions"}],"predecessor-version":[{"id":323,"href":"https:\/\/www.kanaren-virtuell.de\/news\/wp-json\/wp\/v2\/posts\/322\/revisions\/323"}],"wp:attachment":[{"href":"https:\/\/www.kanaren-virtuell.de\/news\/wp-json\/wp\/v2\/media?parent=322"}],"wp:term":[{"taxonomy":"category","embeddable":true,"href":"https:\/\/www.kanaren-virtuell.de\/news\/wp-json\/wp\/v2\/categories?post=322"},{"taxonomy":"post_tag","embeddable":true,"href":"https:\/\/www.kanaren-virtuell.de\/news\/wp-json\/wp\/v2\/tags?post=322"}],"curies":[{"name":"wp","href":"https:\/\/api.w.org\/{rel}","templated":true}]}}