{"id":3233,"date":"2016-06-03T17:22:59","date_gmt":"2016-06-03T15:22:59","guid":{"rendered":"http:\/\/www.kanaren-virtuell.de\/news\/?p=3233"},"modified":"2016-06-03T17:22:59","modified_gmt":"2016-06-03T15:22:59","slug":"arrecifest-in-lanzarotes-hauptstadt","status":"publish","type":"post","link":"https:\/\/www.kanaren-virtuell.de\/news\/arrecifest-in-lanzarotes-hauptstadt\/","title":{"rendered":"\u201eArrecifest\u201c in Lanzarotes Hauptstadt"},"content":{"rendered":"<p>Die Hauptstadt der Kanareninsel Lanzarote, Arrecife, liegt direkt am Atlantik und bildet somit ein \u00fcberaus reizvolles Ausflugsziel. Die sch\u00f6ne Promenade, das historische Rathaus und die Calle de Leon y Castillo, die Fu\u00dfg\u00e4ngerzone des Ortes, sind bevorzugte Ziele von Touristen. In der Zeit zwischen dem 9. und 11. Juni 2016 wird hier das gro\u00dfe Stadtfest \u201eArrecifest\u201c gefeiert, bei dem nicht nur Musik-Fans auf ihre Kosten kommen. <\/p>\n<p>Zahlreiche Live-Bands, wie zum Beispiel Grupo Bomba und Sentimiento con arte, werden f\u00fcr die musikalische Unterhaltung sorgen. Der Eintritt zu den Konzerten kostet pro Tag 15 Euro. Am 11. Juni kann man eine Gastronomie-Messe besuchen oder einmal auf dem Bierfest vorbeischauen. <\/p>\n","protected":false},"excerpt":{"rendered":"<p>Die Hauptstadt der Kanareninsel Lanzarote, Arrecife, liegt direkt am Atlantik und bildet somit ein \u00fcberaus reizvolles Ausflugsziel. Die sch\u00f6ne Promenade, das historische Rathaus und die Calle de Leon y Castillo, die Fu\u00dfg\u00e4ngerzone des Ortes, sind bevorzugte Ziele von Touristen. In der Zeit zwischen dem 9. und 11. Juni 2016 wird hier das gro\u00dfe Stadtfest \u201eArrecifest\u201c [&hellip;]<\/p>\n","protected":false},"author":2,"featured_media":0,"comment_status":"open","ping_status":"open","sticky":false,"template":"","format":"standard","meta":{"footnotes":""},"categories":[3,22],"tags":[],"class_list":["post-3233","post","type-post","status-publish","format-standard","hentry","category-lanzarote","category-veranstaltungen"],"_links":{"self":[{"href":"https:\/\/www.kanaren-virtuell.de\/news\/wp-json\/wp\/v2\/posts\/3233","targetHints":{"allow":["GET"]}}],"collection":[{"href":"https:\/\/www.kanaren-virtuell.de\/news\/wp-json\/wp\/v2\/posts"}],"about":[{"href":"https:\/\/www.kanaren-virtuell.de\/news\/wp-json\/wp\/v2\/types\/post"}],"author":[{"embeddable":true,"href":"https:\/\/www.kanaren-virtuell.de\/news\/wp-json\/wp\/v2\/users\/2"}],"replies":[{"embeddable":true,"href":"https:\/\/www.kanaren-virtuell.de\/news\/wp-json\/wp\/v2\/comments?post=3233"}],"version-history":[{"count":1,"href":"https:\/\/www.kanaren-virtuell.de\/news\/wp-json\/wp\/v2\/posts\/3233\/revisions"}],"predecessor-version":[{"id":3234,"href":"https:\/\/www.kanaren-virtuell.de\/news\/wp-json\/wp\/v2\/posts\/3233\/revisions\/3234"}],"wp:attachment":[{"href":"https:\/\/www.kanaren-virtuell.de\/news\/wp-json\/wp\/v2\/media?parent=3233"}],"wp:term":[{"taxonomy":"category","embeddable":true,"href":"https:\/\/www.kanaren-virtuell.de\/news\/wp-json\/wp\/v2\/categories?post=3233"},{"taxonomy":"post_tag","embeddable":true,"href":"https:\/\/www.kanaren-virtuell.de\/news\/wp-json\/wp\/v2\/tags?post=3233"}],"curies":[{"name":"wp","href":"https:\/\/api.w.org\/{rel}","templated":true}]}}