{"id":3252,"date":"2016-06-24T20:40:10","date_gmt":"2016-06-24T18:40:10","guid":{"rendered":"http:\/\/www.kanaren-virtuell.de\/news\/?p=3252"},"modified":"2016-06-24T20:40:10","modified_gmt":"2016-06-24T18:40:10","slug":"teneriffa-laedt-zum-starmus-festival-ein","status":"publish","type":"post","link":"https:\/\/www.kanaren-virtuell.de\/news\/teneriffa-laedt-zum-starmus-festival-ein\/","title":{"rendered":"Teneriffa l\u00e4dt zum Starmus-Festival ein"},"content":{"rendered":"<p>Wenn es um Reisen nach Teneriffa geht, denken die meisten Menschen zun\u00e4chst vor allem an Sonne, Strand und Meer. Angesichts der Traumstr\u00e4nde, die die Kanareninsel beispielsweise mit der Playa Las Teresitas und Playa de Los Cristianos bereith\u00e4lt, ist dies auch nicht verwunderlich. F\u00fcr all diejenigen, die sich zugleich auch f\u00fcr die Wissenschaft begeistern k\u00f6nnen, ist Teneriffa aktuell eine absolute Top-Destination, denn in der Zeit vom 27. Juni bis zum 2. Juli 2016 wird das mittlerweile dritte Starmus-Festival stattfinden. <\/p>\n<p>Musik, Kunst und Wissenschaft sind die zentralen S\u00e4ulen des Festivals, das unter anderem auch von dem bekannten Astrophysiker Stephen Hawking sehr gesch\u00e4tzt wird. Astronauten, Nobelpreistr\u00e4ger, Oscargewinner und auch Musiker stehen auf der G\u00e4steliste. <\/p>\n","protected":false},"excerpt":{"rendered":"<p>Wenn es um Reisen nach Teneriffa geht, denken die meisten Menschen zun\u00e4chst vor allem an Sonne, Strand und Meer. Angesichts der Traumstr\u00e4nde, die die Kanareninsel beispielsweise mit der Playa Las Teresitas und Playa de Los Cristianos bereith\u00e4lt, ist dies auch nicht verwunderlich. F\u00fcr all diejenigen, die sich zugleich auch f\u00fcr die Wissenschaft begeistern k\u00f6nnen, ist [&hellip;]<\/p>\n","protected":false},"author":2,"featured_media":0,"comment_status":"open","ping_status":"open","sticky":false,"template":"","format":"standard","meta":{"footnotes":""},"categories":[2,22],"tags":[],"class_list":["post-3252","post","type-post","status-publish","format-standard","hentry","category-teneriffa","category-veranstaltungen"],"_links":{"self":[{"href":"https:\/\/www.kanaren-virtuell.de\/news\/wp-json\/wp\/v2\/posts\/3252","targetHints":{"allow":["GET"]}}],"collection":[{"href":"https:\/\/www.kanaren-virtuell.de\/news\/wp-json\/wp\/v2\/posts"}],"about":[{"href":"https:\/\/www.kanaren-virtuell.de\/news\/wp-json\/wp\/v2\/types\/post"}],"author":[{"embeddable":true,"href":"https:\/\/www.kanaren-virtuell.de\/news\/wp-json\/wp\/v2\/users\/2"}],"replies":[{"embeddable":true,"href":"https:\/\/www.kanaren-virtuell.de\/news\/wp-json\/wp\/v2\/comments?post=3252"}],"version-history":[{"count":1,"href":"https:\/\/www.kanaren-virtuell.de\/news\/wp-json\/wp\/v2\/posts\/3252\/revisions"}],"predecessor-version":[{"id":3253,"href":"https:\/\/www.kanaren-virtuell.de\/news\/wp-json\/wp\/v2\/posts\/3252\/revisions\/3253"}],"wp:attachment":[{"href":"https:\/\/www.kanaren-virtuell.de\/news\/wp-json\/wp\/v2\/media?parent=3252"}],"wp:term":[{"taxonomy":"category","embeddable":true,"href":"https:\/\/www.kanaren-virtuell.de\/news\/wp-json\/wp\/v2\/categories?post=3252"},{"taxonomy":"post_tag","embeddable":true,"href":"https:\/\/www.kanaren-virtuell.de\/news\/wp-json\/wp\/v2\/tags?post=3252"}],"curies":[{"name":"wp","href":"https:\/\/api.w.org\/{rel}","templated":true}]}}