{"id":3254,"date":"2016-06-27T19:00:12","date_gmt":"2016-06-27T17:00:12","guid":{"rendered":"http:\/\/www.kanaren-virtuell.de\/news\/?p=3254"},"modified":"2016-06-27T19:00:12","modified_gmt":"2016-06-27T17:00:12","slug":"la-palma-los-llanos-hat-ein-neues-einkaufszentrum","status":"publish","type":"post","link":"https:\/\/www.kanaren-virtuell.de\/news\/la-palma-los-llanos-hat-ein-neues-einkaufszentrum\/","title":{"rendered":"La Palma &#8211; Los Llanos hat ein neues Einkaufszentrum"},"content":{"rendered":"<p>Touristen zieht es vor allem aufgrund der reizvollen Landschaften, traumhaften Str\u00e4nde und auch interessanten Sehensw\u00fcrdigkeiten jedes Jahr vielfach auf die Kanareninsel La Palma. Immer einen Besuch wert ist hier die Gemeinde Los Llanos de Aridane, die zu den Metropolregionen der Insel geh\u00f6rt. Zugleich findet man hier faszinierende Naturr\u00e4ume wie das Aridanetal vor. Zu ausgedehnten Streifz\u00fcgen durch die Natur l\u00e4dt zudem der kleine botanische Garten in Los Llanos ein. <\/p>\n<p>F\u00fcr all diejenigen, die sich auch mit Vorliebe dem Shoppen widmen, ist die Fu\u00dfg\u00e4ngerzone von Los Llanos ein absolutes Muss. Seit wenigen Tagen gibt es mit dem neuen Einkaufszentrum ein weiteres Highlight f\u00fcr gelungene Shopping-Touren. Dabei handelt es sich um das Centro Comercial Trocadero in der Calle Venezuela. Aktuell sollen rund 35 Ladenlokale vermietet sein, doch bis Ende des Jahres sollen noch deutlich mehr Gesch\u00e4fte im modernen Trocadero er\u00f6ffnen. <\/p>\n","protected":false},"excerpt":{"rendered":"<p>Touristen zieht es vor allem aufgrund der reizvollen Landschaften, traumhaften Str\u00e4nde und auch interessanten Sehensw\u00fcrdigkeiten jedes Jahr vielfach auf die Kanareninsel La Palma. Immer einen Besuch wert ist hier die Gemeinde Los Llanos de Aridane, die zu den Metropolregionen der Insel geh\u00f6rt. Zugleich findet man hier faszinierende Naturr\u00e4ume wie das Aridanetal vor. Zu ausgedehnten Streifz\u00fcgen [&hellip;]<\/p>\n","protected":false},"author":2,"featured_media":0,"comment_status":"open","ping_status":"open","sticky":false,"template":"","format":"standard","meta":{"footnotes":""},"categories":[7],"tags":[],"class_list":["post-3254","post","type-post","status-publish","format-standard","hentry","category-la-palma"],"_links":{"self":[{"href":"https:\/\/www.kanaren-virtuell.de\/news\/wp-json\/wp\/v2\/posts\/3254","targetHints":{"allow":["GET"]}}],"collection":[{"href":"https:\/\/www.kanaren-virtuell.de\/news\/wp-json\/wp\/v2\/posts"}],"about":[{"href":"https:\/\/www.kanaren-virtuell.de\/news\/wp-json\/wp\/v2\/types\/post"}],"author":[{"embeddable":true,"href":"https:\/\/www.kanaren-virtuell.de\/news\/wp-json\/wp\/v2\/users\/2"}],"replies":[{"embeddable":true,"href":"https:\/\/www.kanaren-virtuell.de\/news\/wp-json\/wp\/v2\/comments?post=3254"}],"version-history":[{"count":1,"href":"https:\/\/www.kanaren-virtuell.de\/news\/wp-json\/wp\/v2\/posts\/3254\/revisions"}],"predecessor-version":[{"id":3255,"href":"https:\/\/www.kanaren-virtuell.de\/news\/wp-json\/wp\/v2\/posts\/3254\/revisions\/3255"}],"wp:attachment":[{"href":"https:\/\/www.kanaren-virtuell.de\/news\/wp-json\/wp\/v2\/media?parent=3254"}],"wp:term":[{"taxonomy":"category","embeddable":true,"href":"https:\/\/www.kanaren-virtuell.de\/news\/wp-json\/wp\/v2\/categories?post=3254"},{"taxonomy":"post_tag","embeddable":true,"href":"https:\/\/www.kanaren-virtuell.de\/news\/wp-json\/wp\/v2\/tags?post=3254"}],"curies":[{"name":"wp","href":"https:\/\/api.w.org\/{rel}","templated":true}]}}