{"id":326,"date":"2010-02-01T16:20:58","date_gmt":"2010-02-01T14:20:58","guid":{"rendered":"http:\/\/www.kanaren-virtuell.de\/news\/?p=326"},"modified":"2013-10-15T16:21:39","modified_gmt":"2013-10-15T14:21:39","slug":"land-unter-auf-den-kanaren","status":"publish","type":"post","link":"https:\/\/www.kanaren-virtuell.de\/news\/land-unter-auf-den-kanaren\/","title":{"rendered":"Land unter auf den Kanaren"},"content":{"rendered":"<p>Am heutigen Tage tobte sich das Unwetter mit sintflutartigen Regenf\u00e4llen \u00fcber der Kanareninsel Teneriffa aus. Die Hauptstadt Santa Cruz de Tenerife ist besonders stark betroffen. Das kanarische Fernsehen zeigte Bilder von \u00fcberfluteten Stra\u00dfen in Santa Cruz, von Stra\u00dfen, auf denen das Wasser in rei\u00dfenden Str\u00f6men in Richtung Meer flie\u00dft und alles, was nicht niet und nagelfest ist, mitrei\u00dft. Die Kanalisation der Stadt ist mit den Wassermassen hoffnungslos \u00fcberfordert. Das Regenwasser spudelt in den tieferen Lagen der Stadt, z.B. am Auditorio, aus den Gullis wie ein gewaltiger Springbrunnen. Schlamm und Ger\u00f6ll blockiert Stra\u00dfen und auch gro\u00dfe Teile der Stra\u00dfenbahnstrecke in Santa Cruz. Der Verkehr in Teneriffas Hauptstadt liegt v\u00f6llig am Boden. Der Flugverkehr am Nordflughafen ist zeitweise beeintr\u00e4chtigt. Fl\u00fcge fallen aus bzw. werden zum S\u00fcdflughafen umgeleitet. Die Zufahrten zum Teide-Nationalpark sind wegen Graupel- und Hagelschauern und stellenweise vereister Fahrbahn gesperrt. Zwischen 500 und 600 Personen in etwa 100 Autos und mehreren Bussen sollen im \u201cParque Nacional de las Ca\u00f1adas del Teide\u201d von der Au\u00dfenwelt abgeschnitten sein.<\/p>\n","protected":false},"excerpt":{"rendered":"<p>Am heutigen Tage tobte sich das Unwetter mit sintflutartigen Regenf\u00e4llen \u00fcber der Kanareninsel Teneriffa aus. Die Hauptstadt Santa Cruz de Tenerife ist besonders stark betroffen. Das kanarische Fernsehen zeigte Bilder von \u00fcberfluteten Stra\u00dfen in Santa Cruz, von Stra\u00dfen, auf denen das Wasser in rei\u00dfenden Str\u00f6men in Richtung Meer flie\u00dft und alles, was nicht niet und [&hellip;]<\/p>\n","protected":false},"author":1,"featured_media":0,"comment_status":"open","ping_status":"open","sticky":false,"template":"","format":"standard","meta":{"footnotes":""},"categories":[2,11],"tags":[],"class_list":["post-326","post","type-post","status-publish","format-standard","hentry","category-teneriffa","category-wetter"],"_links":{"self":[{"href":"https:\/\/www.kanaren-virtuell.de\/news\/wp-json\/wp\/v2\/posts\/326","targetHints":{"allow":["GET"]}}],"collection":[{"href":"https:\/\/www.kanaren-virtuell.de\/news\/wp-json\/wp\/v2\/posts"}],"about":[{"href":"https:\/\/www.kanaren-virtuell.de\/news\/wp-json\/wp\/v2\/types\/post"}],"author":[{"embeddable":true,"href":"https:\/\/www.kanaren-virtuell.de\/news\/wp-json\/wp\/v2\/users\/1"}],"replies":[{"embeddable":true,"href":"https:\/\/www.kanaren-virtuell.de\/news\/wp-json\/wp\/v2\/comments?post=326"}],"version-history":[{"count":1,"href":"https:\/\/www.kanaren-virtuell.de\/news\/wp-json\/wp\/v2\/posts\/326\/revisions"}],"predecessor-version":[{"id":327,"href":"https:\/\/www.kanaren-virtuell.de\/news\/wp-json\/wp\/v2\/posts\/326\/revisions\/327"}],"wp:attachment":[{"href":"https:\/\/www.kanaren-virtuell.de\/news\/wp-json\/wp\/v2\/media?parent=326"}],"wp:term":[{"taxonomy":"category","embeddable":true,"href":"https:\/\/www.kanaren-virtuell.de\/news\/wp-json\/wp\/v2\/categories?post=326"},{"taxonomy":"post_tag","embeddable":true,"href":"https:\/\/www.kanaren-virtuell.de\/news\/wp-json\/wp\/v2\/tags?post=326"}],"curies":[{"name":"wp","href":"https:\/\/api.w.org\/{rel}","templated":true}]}}