{"id":328,"date":"2010-02-02T16:23:01","date_gmt":"2010-02-02T14:23:01","guid":{"rendered":"http:\/\/www.kanaren-virtuell.de\/news\/?p=328"},"modified":"2013-10-15T16:23:33","modified_gmt":"2013-10-15T14:23:33","slug":"wetterchaos-auf-teneriffa","status":"publish","type":"post","link":"https:\/\/www.kanaren-virtuell.de\/news\/wetterchaos-auf-teneriffa\/","title":{"rendered":"Wetterchaos auf Teneriffa"},"content":{"rendered":"<p>Am sp\u00e4ten Nachmittag und am Abend des gestrigen 1. Februar tobte sich das Regengebiet weiter \u00fcber den Kanaren aus. Vor allem in Teneriffas Hauptstadt ging nichts mehr. Den ganzen Abend zeigte das kanarische Fernsehen in Sondersendungen Eindr\u00fccke von den Wetterunbilden. Die bis zu 200 Liter Niederschlag je Quadratmeter f\u00fchrten zu \u00fcberfluteten Unterf\u00fchrungen und Tunnels, die Stra\u00dfenbahn zwischen La Laguna und Santa Cruz mu\u00dfte ihren Betrieb wegen \u00dcberflutungen einstellen. Dramatische Bilder zeigten verzweifelte Autofahrer inmitten rei\u00dfender Fluten und weggesp\u00fclter M\u00fclltonnen. Selbst im S\u00fcdwesten in den Tourismuszentren gab es gestern starke Niederschl\u00e4ge und Gewitter. Auch dort gab es Uberflutungen. <a href=\"http:\/\/www.youtube.com\/watch?v=IYfJiMdvtys\" target=\"_blank\">Eindr\u00fccke vom Wetter auf Teneriffa am 1.2.2010<\/a><\/p>\n","protected":false},"excerpt":{"rendered":"<p>Am sp\u00e4ten Nachmittag und am Abend des gestrigen 1. Februar tobte sich das Regengebiet weiter \u00fcber den Kanaren aus. Vor allem in Teneriffas Hauptstadt ging nichts mehr. Den ganzen Abend zeigte das kanarische Fernsehen in Sondersendungen Eindr\u00fccke von den Wetterunbilden. Die bis zu 200 Liter Niederschlag je Quadratmeter f\u00fchrten zu \u00fcberfluteten Unterf\u00fchrungen und Tunnels, die [&hellip;]<\/p>\n","protected":false},"author":1,"featured_media":0,"comment_status":"open","ping_status":"open","sticky":false,"template":"","format":"standard","meta":{"footnotes":""},"categories":[2,11],"tags":[],"class_list":["post-328","post","type-post","status-publish","format-standard","hentry","category-teneriffa","category-wetter"],"_links":{"self":[{"href":"https:\/\/www.kanaren-virtuell.de\/news\/wp-json\/wp\/v2\/posts\/328","targetHints":{"allow":["GET"]}}],"collection":[{"href":"https:\/\/www.kanaren-virtuell.de\/news\/wp-json\/wp\/v2\/posts"}],"about":[{"href":"https:\/\/www.kanaren-virtuell.de\/news\/wp-json\/wp\/v2\/types\/post"}],"author":[{"embeddable":true,"href":"https:\/\/www.kanaren-virtuell.de\/news\/wp-json\/wp\/v2\/users\/1"}],"replies":[{"embeddable":true,"href":"https:\/\/www.kanaren-virtuell.de\/news\/wp-json\/wp\/v2\/comments?post=328"}],"version-history":[{"count":1,"href":"https:\/\/www.kanaren-virtuell.de\/news\/wp-json\/wp\/v2\/posts\/328\/revisions"}],"predecessor-version":[{"id":329,"href":"https:\/\/www.kanaren-virtuell.de\/news\/wp-json\/wp\/v2\/posts\/328\/revisions\/329"}],"wp:attachment":[{"href":"https:\/\/www.kanaren-virtuell.de\/news\/wp-json\/wp\/v2\/media?parent=328"}],"wp:term":[{"taxonomy":"category","embeddable":true,"href":"https:\/\/www.kanaren-virtuell.de\/news\/wp-json\/wp\/v2\/categories?post=328"},{"taxonomy":"post_tag","embeddable":true,"href":"https:\/\/www.kanaren-virtuell.de\/news\/wp-json\/wp\/v2\/tags?post=328"}],"curies":[{"name":"wp","href":"https:\/\/api.w.org\/{rel}","templated":true}]}}