{"id":3319,"date":"2016-08-31T18:08:16","date_gmt":"2016-08-31T16:08:16","guid":{"rendered":"http:\/\/www.kanaren-virtuell.de\/news\/?p=3319"},"modified":"2016-08-31T18:08:16","modified_gmt":"2016-08-31T16:08:16","slug":"festival-del-mar-auf-la-palma","status":"publish","type":"post","link":"https:\/\/www.kanaren-virtuell.de\/news\/festival-del-mar-auf-la-palma\/","title":{"rendered":"\u201eFestival del Mar\u201c auf La Palma"},"content":{"rendered":"<p>Das Meer spielt im Rahmen eines Urlaubs auf den Kanaren meist eine gro\u00dfe Rolle, schlie\u00dflich locken hier wundersch\u00f6ne Str\u00e4nde und unz\u00e4hlige Freizeitm\u00f6glichkeiten. Dies trifft nat\u00fcrlich auch auf die Kanareninsel La Palma zu, die mit ihren kontrastreichen Landschaften allerdings ebenso Wanderern und Bikern einiges zu bieten hat. Am heutigen Abend beginnt in Puerto Naos und Los Llanos de Aridane das \u201eFestival del Mar\u201c, das sich dem Thema Ozean widmet und sicher einen Besuch wert ist. <\/p>\n<p>Das Rahmenprogramm ist sehr vielf\u00e4ltig und h\u00e4lt Kinderunterhaltung, Workshops und als Highlight die Jagd nach dem sch\u00f6nsten Unterwasserbild, das am Samstag um 22 Uhr pr\u00e4miert wird, bereit. Auf dem \u201eFestival del Mar\u201c kann man sich somit bis zum kommenden Samstag bestens unterhalten lassen. <\/p>\n","protected":false},"excerpt":{"rendered":"<p>Das Meer spielt im Rahmen eines Urlaubs auf den Kanaren meist eine gro\u00dfe Rolle, schlie\u00dflich locken hier wundersch\u00f6ne Str\u00e4nde und unz\u00e4hlige Freizeitm\u00f6glichkeiten. Dies trifft nat\u00fcrlich auch auf die Kanareninsel La Palma zu, die mit ihren kontrastreichen Landschaften allerdings ebenso Wanderern und Bikern einiges zu bieten hat. Am heutigen Abend beginnt in Puerto Naos und Los [&hellip;]<\/p>\n","protected":false},"author":2,"featured_media":0,"comment_status":"open","ping_status":"open","sticky":false,"template":"","format":"standard","meta":{"footnotes":""},"categories":[7,22],"tags":[],"class_list":["post-3319","post","type-post","status-publish","format-standard","hentry","category-la-palma","category-veranstaltungen"],"_links":{"self":[{"href":"https:\/\/www.kanaren-virtuell.de\/news\/wp-json\/wp\/v2\/posts\/3319","targetHints":{"allow":["GET"]}}],"collection":[{"href":"https:\/\/www.kanaren-virtuell.de\/news\/wp-json\/wp\/v2\/posts"}],"about":[{"href":"https:\/\/www.kanaren-virtuell.de\/news\/wp-json\/wp\/v2\/types\/post"}],"author":[{"embeddable":true,"href":"https:\/\/www.kanaren-virtuell.de\/news\/wp-json\/wp\/v2\/users\/2"}],"replies":[{"embeddable":true,"href":"https:\/\/www.kanaren-virtuell.de\/news\/wp-json\/wp\/v2\/comments?post=3319"}],"version-history":[{"count":1,"href":"https:\/\/www.kanaren-virtuell.de\/news\/wp-json\/wp\/v2\/posts\/3319\/revisions"}],"predecessor-version":[{"id":3320,"href":"https:\/\/www.kanaren-virtuell.de\/news\/wp-json\/wp\/v2\/posts\/3319\/revisions\/3320"}],"wp:attachment":[{"href":"https:\/\/www.kanaren-virtuell.de\/news\/wp-json\/wp\/v2\/media?parent=3319"}],"wp:term":[{"taxonomy":"category","embeddable":true,"href":"https:\/\/www.kanaren-virtuell.de\/news\/wp-json\/wp\/v2\/categories?post=3319"},{"taxonomy":"post_tag","embeddable":true,"href":"https:\/\/www.kanaren-virtuell.de\/news\/wp-json\/wp\/v2\/tags?post=3319"}],"curies":[{"name":"wp","href":"https:\/\/api.w.org\/{rel}","templated":true}]}}