{"id":332,"date":"2010-02-02T16:24:59","date_gmt":"2010-02-02T14:24:59","guid":{"rendered":"http:\/\/www.kanaren-virtuell.de\/news\/?p=332"},"modified":"2013-10-15T16:25:27","modified_gmt":"2013-10-15T14:25:27","slug":"unwetteralarm-orange-weiterhin","status":"publish","type":"post","link":"https:\/\/www.kanaren-virtuell.de\/news\/unwetteralarm-orange-weiterhin\/","title":{"rendered":"Unwetteralarm Orange weiterhin"},"content":{"rendered":"<p>Die zweith\u00f6chste Unwetterwarnstufe Orange gilt weiterhin f\u00fcr die Kanarischen Inseln. Starker Regen, Sturmb\u00f6en bis 90 km\/h und hoher Wellengang stellen eine gro\u00dfe Gefahr dar. Auf Gran Canaria sollen vor allem die Nordk\u00fcste und das Bergland betroffen sein, auf Teneriffa die h\u00f6hergelegenen Regionen der Gemeinden La Orotava und Vilaflor. Selbst auf Lanzarote und Fuerteventura werden bis zu 30 Liter Regen je Quadratmeter erwartet. La Palma, La Gomera und El Hierro sind weiterhin von starkem Regen und Sturmb\u00f6en betroffen.<\/p>\n","protected":false},"excerpt":{"rendered":"<p>Die zweith\u00f6chste Unwetterwarnstufe Orange gilt weiterhin f\u00fcr die Kanarischen Inseln. Starker Regen, Sturmb\u00f6en bis 90 km\/h und hoher Wellengang stellen eine gro\u00dfe Gefahr dar. Auf Gran Canaria sollen vor allem die Nordk\u00fcste und das Bergland betroffen sein, auf Teneriffa die h\u00f6hergelegenen Regionen der Gemeinden La Orotava und Vilaflor. Selbst auf Lanzarote und Fuerteventura werden bis [&hellip;]<\/p>\n","protected":false},"author":1,"featured_media":0,"comment_status":"open","ping_status":"open","sticky":false,"template":"","format":"standard","meta":{"footnotes":""},"categories":[11],"tags":[],"class_list":["post-332","post","type-post","status-publish","format-standard","hentry","category-wetter"],"_links":{"self":[{"href":"https:\/\/www.kanaren-virtuell.de\/news\/wp-json\/wp\/v2\/posts\/332","targetHints":{"allow":["GET"]}}],"collection":[{"href":"https:\/\/www.kanaren-virtuell.de\/news\/wp-json\/wp\/v2\/posts"}],"about":[{"href":"https:\/\/www.kanaren-virtuell.de\/news\/wp-json\/wp\/v2\/types\/post"}],"author":[{"embeddable":true,"href":"https:\/\/www.kanaren-virtuell.de\/news\/wp-json\/wp\/v2\/users\/1"}],"replies":[{"embeddable":true,"href":"https:\/\/www.kanaren-virtuell.de\/news\/wp-json\/wp\/v2\/comments?post=332"}],"version-history":[{"count":1,"href":"https:\/\/www.kanaren-virtuell.de\/news\/wp-json\/wp\/v2\/posts\/332\/revisions"}],"predecessor-version":[{"id":333,"href":"https:\/\/www.kanaren-virtuell.de\/news\/wp-json\/wp\/v2\/posts\/332\/revisions\/333"}],"wp:attachment":[{"href":"https:\/\/www.kanaren-virtuell.de\/news\/wp-json\/wp\/v2\/media?parent=332"}],"wp:term":[{"taxonomy":"category","embeddable":true,"href":"https:\/\/www.kanaren-virtuell.de\/news\/wp-json\/wp\/v2\/categories?post=332"},{"taxonomy":"post_tag","embeddable":true,"href":"https:\/\/www.kanaren-virtuell.de\/news\/wp-json\/wp\/v2\/tags?post=332"}],"curies":[{"name":"wp","href":"https:\/\/api.w.org\/{rel}","templated":true}]}}